{"id":6953,"date":"2019-12-23T15:39:54","date_gmt":"2019-12-23T15:39:54","guid":{"rendered":"https:\/\/arroyitoonline.com.ar\/?p=6953"},"modified":"2019-12-23T15:39:58","modified_gmt":"2019-12-23T15:39:58","slug":"la-municipalidad-declaro-asueto-para-la-administracion-publica-los-dias-24-y-31-de-diciembre","status":"publish","type":"post","link":"https:\/\/arroyitoonline.com.ar\/?p=6953","title":{"rendered":"La Municipalidad declar\u00f3 asueto para la administraci\u00f3n p\u00fablica los d\u00edas 24 y 31 de diciembre"},"content":{"rendered":"\n<p><strong>El intendente Gustavo Benedetti lo decret\u00f3 por la celebraci\u00f3n de las festividades de la Natividad de Nuestro Se\u00f1or Jesucristo y del A\u00f1o Nuevo. <\/strong><\/p>\n\n\n\n<p>Por decreto N\u00ba 1247 \u2013 B\/19, el intendente Gustavo Benedetti declar\u00f3 Asueto para la Administraci\u00f3n P\u00fablica Municipal, para los d\u00edas martes 24 y 31 de diciembre de 2019. El motivo de esta resoluci\u00f3n es la celebraci\u00f3n de las festividades de la Natividad de Nuestro Se\u00f1or Jesucristo y del A\u00f1o Nuevo, a cumplirse durante el corriente mes y siendo los d\u00edas de asueto, las v\u00edsperas de estas celebraciones.<\/p>\n\n\n\n<p><em>&#8220;Constituyendo estas fechas un motivo de festejo para las familias de nuestra ciudad, como as\u00ed tambi\u00e9n para quienes deben trasladarse a otras localidades y, a fin de facilitar las tradicionales reuniones familiares que se realizan en dichas fechas, se estima procedente posibilitar el acercamiento de quienes, por diversas causas, se domicilian lejos de sus seres queridos&#8221;<\/em>, remarcaron desde la actual gesti\u00f3n local.<\/p>\n\n\n\n<p><strong>Funcionamiento de los Servicios P\u00fablicos\u00a0en\u00a0las\u00a0Fiestas<\/strong><\/p>\n\n\n\n<p>Los d\u00edas martes 24 y 31 de diciembre, la recolecci\u00f3n de residuos s\u00f3lidos urbanos y de poda y escombros, se realizar\u00e1 con normalidad hasta las 12:00 horas.<\/p>\n\n\n\n<p>Por su parte, los recorridos de recolecci\u00f3n de residuos que deber\u00edan desarrollarse los d\u00edas mi\u00e9rcoles 25 de diciembre de 2019 y mi\u00e9rcoles 1\u00b0 de enero de 2020, se har\u00e1n el 26 de diciembre y el 2 de enero. <\/p>\n","protected":false},"excerpt":{"rendered":"<p>El intendente Gustavo Benedetti lo decret\u00f3 por la celebraci\u00f3n de las festividades de la Natividad de Nuestro Se\u00f1or Jesucristo y&hellip;<\/p>\n","protected":false},"author":3,"featured_media":6826,"comment_status":"closed","ping_status":"open","sticky":false,"template":"","format":"standard","meta":{"footnotes":""},"categories":[829],"tags":[66,67,836,115,376,968,868,555,556,569],"class_list":["post-6953","post","type-post","status-publish","format-standard","has-post-thumbnail","hentry","category-municipales-online","tag-arroyito","tag-arroyito-cordoba","tag-arroyito-online","tag-benedetti","tag-fiestas","tag-gustavo-benedetti","tag-municipales-online","tag-municipalidad","tag-municipalidad-de-arroyito","tag-navidad"],"_links":{"self":[{"href":"https:\/\/arroyitoonline.com.ar\/index.php?rest_route=\/wp\/v2\/posts\/6953","targetHints":{"allow":["GET"]}}],"collection":[{"href":"https:\/\/arroyitoonline.com.ar\/index.php?rest_route=\/wp\/v2\/posts"}],"about":[{"href":"https:\/\/arroyitoonline.com.ar\/index.php?rest_route=\/wp\/v2\/types\/post"}],"author":[{"embeddable":true,"href":"https:\/\/arroyitoonline.com.ar\/index.php?rest_route=\/wp\/v2\/users\/3"}],"replies":[{"embeddable":true,"href":"https:\/\/arroyitoonline.com.ar\/index.php?rest_route=%2Fwp%2Fv2%2Fcomments&post=6953"}],"version-history":[{"count":1,"href":"https:\/\/arroyitoonline.com.ar\/index.php?rest_route=\/wp\/v2\/posts\/6953\/revisions"}],"predecessor-version":[{"id":6954,"href":"https:\/\/arroyitoonline.com.ar\/index.php?rest_route=\/wp\/v2\/posts\/6953\/revisions\/6954"}],"wp:featuredmedia":[{"embeddable":true,"href":"https:\/\/arroyitoonline.com.ar\/index.php?rest_route=\/wp\/v2\/media\/6826"}],"wp:attachment":[{"href":"https:\/\/arroyitoonline.com.ar\/index.php?rest_route=%2Fwp%2Fv2%2Fmedia&parent=6953"}],"wp:term":[{"taxonomy":"category","embeddable":true,"href":"https:\/\/arroyitoonline.com.ar\/index.php?rest_route=%2Fwp%2Fv2%2Fcategories&post=6953"},{"taxonomy":"post_tag","embeddable":true,"href":"https:\/\/arroyitoonline.com.ar\/index.php?rest_route=%2Fwp%2Fv2%2Ftags&post=6953"}],"curies":[{"name":"wp","href":"https:\/\/api.w.org\/{rel}","templated":true}]}}