{"id":6965,"date":"2019-12-23T21:42:11","date_gmt":"2019-12-23T21:42:11","guid":{"rendered":"https:\/\/arroyitoonline.com.ar\/?p=6965"},"modified":"2019-12-23T21:42:12","modified_gmt":"2019-12-23T21:42:12","slug":"ama-inauguro-el-edificio-propio-de-su-filial-sacanta","status":"publish","type":"post","link":"https:\/\/arroyitoonline.com.ar\/?p=6965","title":{"rendered":"AMA inaugur\u00f3 el edificio propio de su Filial Sacanta"},"content":{"rendered":"\n<p><strong>Asociaci\u00f3n\nMutual Arroyito adquiri\u00f3 el inmueble en marzo de 2018 y lo remodel\u00f3 en su\ntotalidad, para mayor comodidad de los afiliados de esa vecina localidad. <\/strong><\/p>\n\n\n\n<p>En el\nmarco de la conclusi\u00f3n de los festejos de sus bodas de plata, el viernes 20 de\ndiciembre, Asociaci\u00f3n Mutual Arroyito inaugur\u00f3 el edificio propio de su Filial\nSacanta. Este logro significa el broche de oro de un 2019 donde se celebraron\nlos 25 a\u00f1os de vida institucional de AMA, con miras a la expansi\u00f3n y al\ncrecimiento incesante. <\/p>\n\n\n\n<p>En esa\nlocalidad vecina, donde la mutual est\u00e1 presente desde el mes de diciembre de\n2011, concret\u00f3 un sencillo pero significativo acto que inici\u00f3 con las palabras\ndel intendente anfitri\u00f3n, Daniel Garnero. El mandatario remarc\u00f3 la permanente colaboraci\u00f3n\nque recibe de la entidad, cada vez que as\u00ed la requiere y se\u00f1al\u00f3 que AMA cuenta\ncon su apoyo, en cada acci\u00f3n que emprenda. <\/p>\n\n\n\n<div class=\"wp-block-image\"><figure class=\"aligncenter\"><img loading=\"lazy\" decoding=\"async\" width=\"1024\" height=\"682\" src=\"https:\/\/arroyitoonline.com.ar\/wp-content\/uploads\/2019\/12\/ama-sacanta-1024x682.jpg\" alt=\"\" class=\"wp-image-6967\" srcset=\"https:\/\/arroyitoonline.com.ar\/wp-content\/uploads\/2019\/12\/ama-sacanta-1024x682.jpg 1024w, https:\/\/arroyitoonline.com.ar\/wp-content\/uploads\/2019\/12\/ama-sacanta-300x200.jpg 300w, https:\/\/arroyitoonline.com.ar\/wp-content\/uploads\/2019\/12\/ama-sacanta-768x512.jpg 768w, https:\/\/arroyitoonline.com.ar\/wp-content\/uploads\/2019\/12\/ama-sacanta.jpg 1280w\" sizes=\"auto, (max-width: 1024px) 100vw, 1024px\" \/><figcaption>L<em>a flamante sede propia. Un proyecto de la arquitecta Marisa Vassallo y el ingeniero Alejandro Giorgis<\/em><\/figcaption><\/figure><\/div>\n\n\n\n<p>A\ncontinuaci\u00f3n, se escuch\u00f3 a la vicepresidenta de la Federaci\u00f3n Provincial de\nMutualidades de C\u00f3rdoba (Femucor), Nora Landart, dejando un mensaje que\nenaltece el trabajo de las mutuales y cooperativas. La segunda m\u00e1xima dirigente\nde Femucor explic\u00f3 que <em>\u201cel movimiento\nmutualista, la econom\u00eda social y solidaria, tiene dos grandes desaf\u00edos en estos\ntiempos, uno es visibilizar todos los servicios que brindan y el segundo es la\nintegraci\u00f3n: de cada dos argentinos est\u00e1 asociado a una mutual o una\ncooperativa. En tiempos dif\u00edciles, es importante que haya una entidad mutual\nreafirmando, todos los d\u00edas, en su ejercicio cotidiano, los principios \u00e9ticos\nque nos orientan, que pone adelante a la persona, antes de la maximizaci\u00f3n de\nlos excedentes o los beneficios\u201d <\/em>e inst\u00f3 a que<em> \u201cPromovamos la participaci\u00f3n de las mujeres y j\u00f3venes apostando a la\ncoherencia, haciendo de nuestras comunidades un mejor lugar para vivir\u201d<\/em>.<\/p>\n\n\n\n<p>Mas tarde, habl\u00f3 el presidente del Consejo Directivo de AMA, Iv\u00e1n Rivarola, remarcando que <em>\u201cla significaci\u00f3n que tiene esta obra trasciende lo meramente f\u00edsico, hacia alcances de mayor amplitud, como lo es el v\u00ednculo con Sacanta, una localidad tan cercana a nuestra sede central, pero con gran desarrollo y potencial progreso\u201d<\/em> y se\u00f1al\u00f3 que <em>\u201cCon esta obra vemos reflejada la concepci\u00f3n de crecimiento y desarrollo institucional, que aparece dentro nuestros principales desaf\u00edos estrat\u00e9gicos y que ilumina todo el quehacer de AMA, una instituci\u00f3n s\u00f3lida, con gran capacidad para ayudar, desafi\u00e1ndose a mover un poquito el mundo de sus asociados y de la comunidad\u201d<\/em>.<\/p>\n\n\n\n<p>Luego Garnero, Landart y Rivarola fueron los encargados del corte de cinta y el descubrimiento de placa del flamante inmueble adquirido por la entidad, en marzo de 2018, y remodelado en su totalidad bajo el proyecto de la arquitecta Marisa Vassallo y el ingeniero Alejandro Giorgis; donde los empleados Mat\u00edas Prino y Antonella Brunetto ya atienden a los asociados de Sacanta y la zona. <\/p>\n","protected":false},"excerpt":{"rendered":"<p>Asociaci\u00f3n Mutual Arroyito adquiri\u00f3 el inmueble en marzo de 2018 y lo remodel\u00f3 en su totalidad, para mayor comodidad de&hellip;<\/p>\n","protected":false},"author":3,"featured_media":6966,"comment_status":"closed","ping_status":"open","sticky":false,"template":"","format":"standard","meta":{"footnotes":""},"categories":[845],"tags":[50,66,67,836,79,88,560,572,702,731],"class_list":["post-6965","post","type-post","status-publish","format-standard","has-post-thumbnail","hentry","category-regionales-online","tag-ama","tag-arroyito","tag-arroyito-cordoba","tag-arroyito-online","tag-asociacion-mutual-arroyito","tag-ayuda-mutua","tag-mutualismo","tag-noticias-de-arroyito-y-zona","tag-sacanta","tag-servicios"],"_links":{"self":[{"href":"https:\/\/arroyitoonline.com.ar\/index.php?rest_route=\/wp\/v2\/posts\/6965","targetHints":{"allow":["GET"]}}],"collection":[{"href":"https:\/\/arroyitoonline.com.ar\/index.php?rest_route=\/wp\/v2\/posts"}],"about":[{"href":"https:\/\/arroyitoonline.com.ar\/index.php?rest_route=\/wp\/v2\/types\/post"}],"author":[{"embeddable":true,"href":"https:\/\/arroyitoonline.com.ar\/index.php?rest_route=\/wp\/v2\/users\/3"}],"replies":[{"embeddable":true,"href":"https:\/\/arroyitoonline.com.ar\/index.php?rest_route=%2Fwp%2Fv2%2Fcomments&post=6965"}],"version-history":[{"count":1,"href":"https:\/\/arroyitoonline.com.ar\/index.php?rest_route=\/wp\/v2\/posts\/6965\/revisions"}],"predecessor-version":[{"id":6968,"href":"https:\/\/arroyitoonline.com.ar\/index.php?rest_route=\/wp\/v2\/posts\/6965\/revisions\/6968"}],"wp:featuredmedia":[{"embeddable":true,"href":"https:\/\/arroyitoonline.com.ar\/index.php?rest_route=\/wp\/v2\/media\/6966"}],"wp:attachment":[{"href":"https:\/\/arroyitoonline.com.ar\/index.php?rest_route=%2Fwp%2Fv2%2Fmedia&parent=6965"}],"wp:term":[{"taxonomy":"category","embeddable":true,"href":"https:\/\/arroyitoonline.com.ar\/index.php?rest_route=%2Fwp%2Fv2%2Fcategories&post=6965"},{"taxonomy":"post_tag","embeddable":true,"href":"https:\/\/arroyitoonline.com.ar\/index.php?rest_route=%2Fwp%2Fv2%2Ftags&post=6965"}],"curies":[{"name":"wp","href":"https:\/\/api.w.org\/{rel}","templated":true}]}}