{"id":6969,"date":"2019-12-23T22:04:45","date_gmt":"2019-12-23T22:04:45","guid":{"rendered":"https:\/\/arroyitoonline.com.ar\/?p=6969"},"modified":"2019-12-23T22:04:47","modified_gmt":"2019-12-23T22:04:47","slug":"una-moto-choco-la-puerta-delantera-del-acompanante-de-un-chevrolet-classic","status":"publish","type":"post","link":"https:\/\/arroyitoonline.com.ar\/?p=6969","title":{"rendered":"Una moto choc\u00f3 la puerta delantera del acompa\u00f1ante de un Chevrolet Classic"},"content":{"rendered":"\n<p><strong>Como consecuencia de la colisi\u00f3n, ocurrida en pleno centro, result\u00f3 con lesiones de car\u00e1cter reservado el conductor del rodado menor. <\/strong><\/p>\n\n\n\n<p>El s\u00e1bado a las 15:30 horas se produjo un accidente de tr\u00e1nsito, en la intersecci\u00f3n de pleno centro de la ciudad. <\/p>\n\n\n\n<p>Un Chevrolet Classic de color gris circulaba por calle Sarmiento, en sentido de oeste a este, conducido por un hombre (55) de esta ciudad. Cuando lleg\u00f3 a la intersecci\u00f3n con San Mart\u00edn, por causas que tratan de establecerse, fue embestido a la altura de la puerta delantera del costado del acompa\u00f1ante por la motocicleta Appia Montero 150 de color verde, que andaba por San Mart\u00edn en direcci\u00f3n de sur a norte, conducida por un joven (21), tambi\u00e9n de Arroyito.<\/p>\n\n\n\n<p>Producto de la colisi\u00f3n, el conductor del rodado menor result\u00f3 con lesiones de car\u00e1cter reservado, siendo trasladado en ambulancia al Hospital Municipal Carlos J. Rodr\u00edguez, donde fue asistido.<\/p>\n\n\n\n<p>Fuente: informe de la oficial Principal Jesica Paz, a cargo de la Base Operativa Sector Sur Suboficial Principal Gustavo Carlos D\u00edaz. <\/p>\n","protected":false},"excerpt":{"rendered":"<p>Como consecuencia de la colisi\u00f3n, ocurrida en pleno centro, result\u00f3 con lesiones de car\u00e1cter reservado el conductor del rodado menor.&hellip;<\/p>\n","protected":false},"author":3,"featured_media":3993,"comment_status":"closed","ping_status":"open","sticky":false,"template":"","format":"standard","meta":{"footnotes":""},"categories":[824],"tags":[66,67,836,191,572,635,637,638,825],"class_list":["post-6969","post","type-post","status-publish","format-standard","has-post-thumbnail","hentry","category-policiales-online","tag-arroyito","tag-arroyito-cordoba","tag-arroyito-online","tag-choque","tag-noticias-de-arroyito-y-zona","tag-policia","tag-policiales","tag-policiales-arroyito","tag-policiales-online"],"_links":{"self":[{"href":"https:\/\/arroyitoonline.com.ar\/index.php?rest_route=\/wp\/v2\/posts\/6969","targetHints":{"allow":["GET"]}}],"collection":[{"href":"https:\/\/arroyitoonline.com.ar\/index.php?rest_route=\/wp\/v2\/posts"}],"about":[{"href":"https:\/\/arroyitoonline.com.ar\/index.php?rest_route=\/wp\/v2\/types\/post"}],"author":[{"embeddable":true,"href":"https:\/\/arroyitoonline.com.ar\/index.php?rest_route=\/wp\/v2\/users\/3"}],"replies":[{"embeddable":true,"href":"https:\/\/arroyitoonline.com.ar\/index.php?rest_route=%2Fwp%2Fv2%2Fcomments&post=6969"}],"version-history":[{"count":1,"href":"https:\/\/arroyitoonline.com.ar\/index.php?rest_route=\/wp\/v2\/posts\/6969\/revisions"}],"predecessor-version":[{"id":6970,"href":"https:\/\/arroyitoonline.com.ar\/index.php?rest_route=\/wp\/v2\/posts\/6969\/revisions\/6970"}],"wp:featuredmedia":[{"embeddable":true,"href":"https:\/\/arroyitoonline.com.ar\/index.php?rest_route=\/wp\/v2\/media\/3993"}],"wp:attachment":[{"href":"https:\/\/arroyitoonline.com.ar\/index.php?rest_route=%2Fwp%2Fv2%2Fmedia&parent=6969"}],"wp:term":[{"taxonomy":"category","embeddable":true,"href":"https:\/\/arroyitoonline.com.ar\/index.php?rest_route=%2Fwp%2Fv2%2Fcategories&post=6969"},{"taxonomy":"post_tag","embeddable":true,"href":"https:\/\/arroyitoonline.com.ar\/index.php?rest_route=%2Fwp%2Fv2%2Ftags&post=6969"}],"curies":[{"name":"wp","href":"https:\/\/api.w.org\/{rel}","templated":true}]}}