{"id":6971,"date":"2019-12-24T01:17:31","date_gmt":"2019-12-24T01:17:31","guid":{"rendered":"https:\/\/arroyitoonline.com.ar\/?p=6971"},"modified":"2019-12-24T01:17:40","modified_gmt":"2019-12-24T01:17:40","slug":"tras-chocar-con-una-camioneta-motociclista-resulto-herido","status":"publish","type":"post","link":"https:\/\/arroyitoonline.com.ar\/?p=6971","title":{"rendered":"Tras chocar con una camioneta, motociclista result\u00f3 herido"},"content":{"rendered":"\n<p><strong>Se trata de un joven de 31 a\u00f1os, que fue diagnosticado con lesiones de car\u00e1cter reservado.<\/strong><\/p>\n\n\n\n<p>El s\u00e1bado a las 19:45 horas, se produjo un accidente de tr\u00e1nsito en la intersecci\u00f3n de las calles General Paz y Dean Funes.<\/p>\n\n\n\n<p>Una camioneta Ford Ranger de color rojo circulaba por General Paz en sentido de este a oeste, conducida por un hombre (43) domiciliado en la localidad de R\u00edo Primero. Cuando lleg\u00f3 a la intersecci\u00f3n con Dean Funes, por causas que tratan de establecerse, colision\u00f3 con una moto Corven Energy 110 de color blanco, la que andaba por Dean Funes en direcci\u00f3n de norte a sur, conducida por un joven (31) de esta ciudad.<\/p>\n\n\n\n<p>Producto de la colisi\u00f3n, el motociclista result\u00f3 con lesiones de car\u00e1cter reservado, siendo trasladado por la ambulancia al Hospital Municipal Carlos J. Rodr\u00edguez, donde fue asistido. Se iniciaron las actuaciones sumariales de rigor.<\/p>\n\n\n\n<p>Fuente: informe de la oficial Principal Jesica Paz, a cargo de la Base\nOperativa Sector Sur Suboficial Principal Gustavo Carlos D\u00edaz. <\/p>\n","protected":false},"excerpt":{"rendered":"<p>Se trata de un joven de 31 a\u00f1os, que fue diagnosticado con lesiones de car\u00e1cter reservado. El s\u00e1bado a las&hellip;<\/p>\n","protected":false},"author":3,"featured_media":4281,"comment_status":"closed","ping_status":"open","sticky":false,"template":"","format":"standard","meta":{"footnotes":""},"categories":[824],"tags":[66,67,836,191,547,572,635,637,638,825],"class_list":["post-6971","post","type-post","status-publish","format-standard","has-post-thumbnail","hentry","category-policiales-online","tag-arroyito","tag-arroyito-cordoba","tag-arroyito-online","tag-choque","tag-motos","tag-noticias-de-arroyito-y-zona","tag-policia","tag-policiales","tag-policiales-arroyito","tag-policiales-online"],"_links":{"self":[{"href":"https:\/\/arroyitoonline.com.ar\/index.php?rest_route=\/wp\/v2\/posts\/6971","targetHints":{"allow":["GET"]}}],"collection":[{"href":"https:\/\/arroyitoonline.com.ar\/index.php?rest_route=\/wp\/v2\/posts"}],"about":[{"href":"https:\/\/arroyitoonline.com.ar\/index.php?rest_route=\/wp\/v2\/types\/post"}],"author":[{"embeddable":true,"href":"https:\/\/arroyitoonline.com.ar\/index.php?rest_route=\/wp\/v2\/users\/3"}],"replies":[{"embeddable":true,"href":"https:\/\/arroyitoonline.com.ar\/index.php?rest_route=%2Fwp%2Fv2%2Fcomments&post=6971"}],"version-history":[{"count":1,"href":"https:\/\/arroyitoonline.com.ar\/index.php?rest_route=\/wp\/v2\/posts\/6971\/revisions"}],"predecessor-version":[{"id":6972,"href":"https:\/\/arroyitoonline.com.ar\/index.php?rest_route=\/wp\/v2\/posts\/6971\/revisions\/6972"}],"wp:featuredmedia":[{"embeddable":true,"href":"https:\/\/arroyitoonline.com.ar\/index.php?rest_route=\/wp\/v2\/media\/4281"}],"wp:attachment":[{"href":"https:\/\/arroyitoonline.com.ar\/index.php?rest_route=%2Fwp%2Fv2%2Fmedia&parent=6971"}],"wp:term":[{"taxonomy":"category","embeddable":true,"href":"https:\/\/arroyitoonline.com.ar\/index.php?rest_route=%2Fwp%2Fv2%2Fcategories&post=6971"},{"taxonomy":"post_tag","embeddable":true,"href":"https:\/\/arroyitoonline.com.ar\/index.php?rest_route=%2Fwp%2Fv2%2Ftags&post=6971"}],"curies":[{"name":"wp","href":"https:\/\/api.w.org\/{rel}","templated":true}]}}