{"id":6973,"date":"2019-12-24T01:58:10","date_gmt":"2019-12-24T01:58:10","guid":{"rendered":"https:\/\/arroyitoonline.com.ar\/?p=6973"},"modified":"2019-12-24T12:40:17","modified_gmt":"2019-12-24T12:40:17","slug":"la-caminera-controlo-un-auto-y-su-conductor-tenia-pedido-de-captura","status":"publish","type":"post","link":"https:\/\/arroyitoonline.com.ar\/?p=6973","title":{"rendered":"La Caminera control\u00f3 un auto y su conductor ten\u00eda pedido de captura"},"content":{"rendered":"\n<p><strong>Ocurri\u00f3 en la madrugada del domingo, en el Km 221 de la ruta 19. El hombre (51) de Arroyito fue detenido por personal policial. <\/strong><\/p>\n\n\n\n<p>Ayer a las 4:30 de la madrugada, personal de la direcci\u00f3n General de Caminera control\u00f3, en el kil\u00f3metro 221 de la ruta nacional 19, un Peugeot 207 color gris conducido por un hombre (51) domiciliado en Arroyito. <\/p>\n\n\n\n<p>Cuando el agente le solicit\u00f3 la documentaci\u00f3n correspondiente, el sujeto\nmanifest\u00f3 que no pose\u00eda licencia de conducir. <\/p>\n\n\n\n<p>Por este motivo fue labrada el acta de constataci\u00f3n correspondiente\nrealizando el chequeo por el Sistema PDA (Personal Digital Assistant), arrojando\nque el hombre en cuesti\u00f3n ten\u00eda pedido de captura. <\/p>\n\n\n\n<p>Por lo que el masculino fue trasladado a la Comisar\u00eda de Arroyito haciendo entrega del procedimiento en la Unidad Judicial. El magistrado de turno dispuso que quedase alojado, mientras se practicaban averiguaciones, a disposici\u00f3n de Fiscal\u00eda de Instrucci\u00f3n local.<\/p>\n\n\n\n<p>Fuente: informe de la oficial Principal Jesica Paz, a cargo de la Base Operativa Sector Sur Suboficial Principal Gustavo Carlos D\u00edaz. <\/p>\n\n\n\n<p>Foto de archivo.<\/p>\n","protected":false},"excerpt":{"rendered":"<p>Ocurri\u00f3 en la madrugada del domingo, en el Km 221 de la ruta 19. El hombre (51) de Arroyito fue&hellip;<\/p>\n","protected":false},"author":3,"featured_media":6974,"comment_status":"closed","ping_status":"open","sticky":false,"template":"","format":"standard","meta":{"footnotes":""},"categories":[824],"tags":[66,67,836,572,636,637,638,825],"class_list":["post-6973","post","type-post","status-publish","format-standard","has-post-thumbnail","hentry","category-policiales-online","tag-arroyito","tag-arroyito-cordoba","tag-arroyito-online","tag-noticias-de-arroyito-y-zona","tag-policia-caminera","tag-policiales","tag-policiales-arroyito","tag-policiales-online"],"_links":{"self":[{"href":"https:\/\/arroyitoonline.com.ar\/index.php?rest_route=\/wp\/v2\/posts\/6973","targetHints":{"allow":["GET"]}}],"collection":[{"href":"https:\/\/arroyitoonline.com.ar\/index.php?rest_route=\/wp\/v2\/posts"}],"about":[{"href":"https:\/\/arroyitoonline.com.ar\/index.php?rest_route=\/wp\/v2\/types\/post"}],"author":[{"embeddable":true,"href":"https:\/\/arroyitoonline.com.ar\/index.php?rest_route=\/wp\/v2\/users\/3"}],"replies":[{"embeddable":true,"href":"https:\/\/arroyitoonline.com.ar\/index.php?rest_route=%2Fwp%2Fv2%2Fcomments&post=6973"}],"version-history":[{"count":2,"href":"https:\/\/arroyitoonline.com.ar\/index.php?rest_route=\/wp\/v2\/posts\/6973\/revisions"}],"predecessor-version":[{"id":6976,"href":"https:\/\/arroyitoonline.com.ar\/index.php?rest_route=\/wp\/v2\/posts\/6973\/revisions\/6976"}],"wp:featuredmedia":[{"embeddable":true,"href":"https:\/\/arroyitoonline.com.ar\/index.php?rest_route=\/wp\/v2\/media\/6974"}],"wp:attachment":[{"href":"https:\/\/arroyitoonline.com.ar\/index.php?rest_route=%2Fwp%2Fv2%2Fmedia&parent=6973"}],"wp:term":[{"taxonomy":"category","embeddable":true,"href":"https:\/\/arroyitoonline.com.ar\/index.php?rest_route=%2Fwp%2Fv2%2Fcategories&post=6973"},{"taxonomy":"post_tag","embeddable":true,"href":"https:\/\/arroyitoonline.com.ar\/index.php?rest_route=%2Fwp%2Fv2%2Ftags&post=6973"}],"curies":[{"name":"wp","href":"https:\/\/api.w.org\/{rel}","templated":true}]}}