{"id":7002,"date":"2019-12-28T16:57:47","date_gmt":"2019-12-28T16:57:47","guid":{"rendered":"https:\/\/arroyitoonline.com.ar\/?p=7002"},"modified":"2019-12-28T16:57:50","modified_gmt":"2019-12-28T16:57:50","slug":"joven-motociclista-perdio-la-vida-tras-impactar-contra-un-arbol","status":"publish","type":"post","link":"https:\/\/arroyitoonline.com.ar\/?p=7002","title":{"rendered":"Joven motociclista perdi\u00f3 la vida tras impactar contra un \u00e1rbol"},"content":{"rendered":"\n<p><strong>Ten\u00eda 16 a\u00f1os y circulaba por la Costanera. La colisi\u00f3n se produjo antes de llegar a Bernardo Erb.<\/strong><\/p>\n\n\n\n<p>Esta ma\u00f1ana, a las 9:00 horas, se produjo un accidente de tr\u00e1nsito fatal, en la intersecci\u00f3n de las avenidas Per\u00f3n y Bernardo Erb. Como consecuencia del siniestro perdi\u00f3 la vida un joven de 16 a\u00f1os domiciliado en Arroyito.<\/p>\n\n\n\n<p>El menor circulaba en una moto\n125 cc, con sentido de oeste a este por la Costanera. Metros antes de llegar a\nErb, por causas que tratan de establecerse, perdi\u00f3 el control del rodado\nimpactando contra un \u00e1rbol. <\/p>\n\n\n\n<p>Al lugar arrib\u00f3 personal m\u00e9dico\ndel hospital local, que procedi\u00f3 al traslado del joven al nosocomio municipal.\nA las 10:00 horas, la m\u00e9dica de turno inform\u00f3 su fallecimiento. Sufri\u00f3 lesiones\nde car\u00e1cter grav\u00edsimo: traumatismos de cr\u00e1neo, t\u00f3rax, cuello y abdomen. <\/p>\n\n\n\n<p>A continuaci\u00f3n, la Polic\u00eda hizo entrega del procedimiento en la Unidad Judicial local, con la intervenci\u00f3n de la Fiscal\u00eda de Instrucci\u00f3n, a cargo de la Dra. De Bernardi, quien imparti\u00f3 como directiva que el cuerpo fuese trasladado a la Morgue del Hospital J. B. Iturraspe de la ciudad de San Francisco, para la realizaci\u00f3n de la correspondiente autopsia.<\/p>\n\n\n\n<p>Fuente: informe del comisario Insp. Pablo Berardo, jefe de Zona N\u00b0 4. <\/p>\n","protected":false},"excerpt":{"rendered":"<p>Ten\u00eda 16 a\u00f1os y circulaba por la Costanera. La colisi\u00f3n se produjo antes de llegar a Bernardo Erb. Esta ma\u00f1ana,&hellip;<\/p>\n","protected":false},"author":3,"featured_media":2723,"comment_status":"closed","ping_status":"open","sticky":false,"template":"","format":"standard","meta":{"footnotes":""},"categories":[824],"tags":[22,23,66,67,836,471,547,572,635,637,638,825],"class_list":["post-7002","post","type-post","status-publish","format-standard","has-post-thumbnail","hentry","category-policiales-online","tag-accidente","tag-accidentes","tag-arroyito","tag-arroyito-cordoba","tag-arroyito-online","tag-jovenes","tag-motos","tag-noticias-de-arroyito-y-zona","tag-policia","tag-policiales","tag-policiales-arroyito","tag-policiales-online"],"_links":{"self":[{"href":"https:\/\/arroyitoonline.com.ar\/index.php?rest_route=\/wp\/v2\/posts\/7002","targetHints":{"allow":["GET"]}}],"collection":[{"href":"https:\/\/arroyitoonline.com.ar\/index.php?rest_route=\/wp\/v2\/posts"}],"about":[{"href":"https:\/\/arroyitoonline.com.ar\/index.php?rest_route=\/wp\/v2\/types\/post"}],"author":[{"embeddable":true,"href":"https:\/\/arroyitoonline.com.ar\/index.php?rest_route=\/wp\/v2\/users\/3"}],"replies":[{"embeddable":true,"href":"https:\/\/arroyitoonline.com.ar\/index.php?rest_route=%2Fwp%2Fv2%2Fcomments&post=7002"}],"version-history":[{"count":1,"href":"https:\/\/arroyitoonline.com.ar\/index.php?rest_route=\/wp\/v2\/posts\/7002\/revisions"}],"predecessor-version":[{"id":7003,"href":"https:\/\/arroyitoonline.com.ar\/index.php?rest_route=\/wp\/v2\/posts\/7002\/revisions\/7003"}],"wp:featuredmedia":[{"embeddable":true,"href":"https:\/\/arroyitoonline.com.ar\/index.php?rest_route=\/wp\/v2\/media\/2723"}],"wp:attachment":[{"href":"https:\/\/arroyitoonline.com.ar\/index.php?rest_route=%2Fwp%2Fv2%2Fmedia&parent=7002"}],"wp:term":[{"taxonomy":"category","embeddable":true,"href":"https:\/\/arroyitoonline.com.ar\/index.php?rest_route=%2Fwp%2Fv2%2Fcategories&post=7002"},{"taxonomy":"post_tag","embeddable":true,"href":"https:\/\/arroyitoonline.com.ar\/index.php?rest_route=%2Fwp%2Fv2%2Ftags&post=7002"}],"curies":[{"name":"wp","href":"https:\/\/api.w.org\/{rel}","templated":true}]}}