{"id":7009,"date":"2019-12-30T02:54:46","date_gmt":"2019-12-30T02:54:46","guid":{"rendered":"https:\/\/arroyitoonline.com.ar\/?p=7009"},"modified":"2019-12-30T02:54:50","modified_gmt":"2019-12-30T02:54:50","slug":"concejales-oficialistas-aprobaron-el-presupuesto-2020-con-modificaciones-que-la-minoria-desconocia","status":"publish","type":"post","link":"https:\/\/arroyitoonline.com.ar\/?p=7009","title":{"rendered":"Concejales oficialistas aprobaron el presupuesto 2020, con modificaciones que la Minor\u00eda desconoc\u00eda"},"content":{"rendered":"\n<p><strong>Sucedi\u00f3 en\nla primera sesi\u00f3n extraordinaria, del nuevo Concejo Deliberante. Genesio pidi\u00f3\nun cuarto intermedio hasta el lunes para estudiar los cambios, pero se lo\ndenegaron. <\/strong><\/p>\n\n\n\n<p>El mediod\u00eda del viernes 27 de\ndiciembre, la sala de deliberaciones del edificio municipal fue sede de la\nprimera sesi\u00f3n, en este caso extraordinaria, del nuevo Concejo Deliberante. La\nextensa reuni\u00f3n, que dur\u00f3 m\u00e1s de dos horas y media, incluy\u00f3 diversos cruces y\nopiniones encontradas sobre los mismos temas. <\/p>\n\n\n\n<p>En la oportunidad, se trataron en\nsegunda lectura, los dos proyectos madre para todo el a\u00f1o 2020, el Presupuesto\ny la Tarifaria, seg\u00fan lo requiere la carta org\u00e1nica. Luego de dos audiencias\np\u00fablicas, donde vecinos sugirieron modificaciones y de su paso por Comisi\u00f3n,\nlos temas volvieron al recinto, con otros protagonistas. &nbsp;<\/p>\n\n\n\n<p>Pero, grande fue la sorpresa de\nla Minor\u00eda cuando el Oficialismo, en la voz de Jos\u00e9 Luis Colazo, avis\u00f3 que los\nproyectos regresaban con cambios realizados en el seno del Bloque Todos Juntos\npor Arroyito, junto al Ejecutivo, y desconocidos por la oposici\u00f3n. Este punto\nmolest\u00f3, sobre todo, a Wilson Genesio, quien solicit\u00f3 un cuarto intermedio\nhasta el lunes, para el estudio de los puntos modificados, ya que la copia\nactualizada de ambos temas fue entregada reci\u00e9n durante la sesi\u00f3n.<\/p>\n\n\n\n<figure class=\"wp-block-embed-facebook wp-block-embed is-type-video is-provider-facebook\"><div class=\"wp-block-embed__wrapper\">\nhttps:\/\/www.facebook.com\/arroyitoonlineoficial\/videos\/1081014498897707\/\n<\/div><figcaption><em>La sesi\u00f3n completa disponible. Arroyito Online fue el \u00fanico medio en vivo durante todo el debate.<\/em><\/figcaption><\/figure>\n\n\n\n<p><em>\u201cYo no s\u00e9\nestimar cu\u00e1ntas p\u00e1ginas puede llegar a tener esto, ni cu\u00e1ntas modificaciones se\npuede llegar a haber presentado de este compendio de hojas que, por lo menos,\ndeben ser unas 100. Si se pretende aprobar en segunda lectura, este compendio\nde hojas, estamos locos, bastante arriesgados, porque yo no s\u00e9 lo que dice ac\u00e1\nadentro. Ni tengo tiempo de leerlo para arriesgar una aprobaci\u00f3n\u201d<\/em>, se\u00f1al\u00f3 Wilson al\nrespecto.<\/p>\n\n\n\n<p>Tras algunos intercambios de opiniones, Colazo tambi\u00e9n pidi\u00f3 un cuarto intermedio, pero de cinco minutos y solo con sus compa\u00f1eros de Bloque, para formular una respuesta a la solicitud del edil del Vecinalismo Independiente.<\/p>\n\n\n\n<p>El pedido de Genesio fue denegado, seg\u00fan explicaron los concejales y la secretaria de Hacienda y Finanzas, Karem Martorella, presente en la sala, por la urgencia de que se aprueben estos temas, ya que, aunque <em>\u201centendemos\u201d<\/em> la preocupaci\u00f3n de los minoritarios y <em>\u201cno es falta de voluntad, son los tiempos los que nos apremian y necesitamos este presupuesto hoy, s\u00ed o s\u00ed, aprobado porque necesita cargarse en el sistema\u201d<\/em>, se\u00f1al\u00f3 el profesor e historiador. <\/p>\n\n\n\n<p>A continuaci\u00f3n, la Mayor\u00eda \u2013Jos\u00e9 Luis Colazo, Marcelo Ferrero, Jorge Amantini, Jaquelina Ver\u00f3n y Alejandra D\u00edaz- vot\u00f3 el presupuesto y la tarifaria de modo afirmativo, aprobando ambos temas. En cambio, la Minor\u00eda se mostr\u00f3 en contra, teniendo en cuenta que desconoc\u00edan el contenido final, por lo que los tres ediles del Radicalismo \u2013Lidia Mart\u00ednez, Mauricio Cravero y Carlos Francisca- y Genesio los rechazaron. <\/p>\n\n\n\n<p><strong>C\u00f3mo es el presupuesto modificado<\/strong><\/p>\n\n\n\n<p>El presupuesto era de $708.900.000 en la primera lectura y se llev\u00f3 a $783.182.432, 30, incluyendo el Hospital Municipal, unos $62 millones, sin los sueldos (que representan $63 millones). <\/p>\n\n\n\n<p>Si se restase la incorporaci\u00f3n del hospital, la diferencia ser\u00eda de $12.282.000. Es decir que, con respecto a 2019, el incremento total es del 26%, pero el aumento sin tener en cuenta el hospital representa un 16% del total, con la incorporaci\u00f3n del \u00e1rea de Salud Mental.<\/p>\n\n\n\n<p>Adem\u00e1s, se contempla la creaci\u00f3n de dos secretar\u00edas que entrar\u00e1n en vigencia el 1 de enero de 2020: Educaci\u00f3n y Cultura y Coordinaci\u00f3n y Control de Gesti\u00f3n. <em>&#8220;Todos estos cambios van atados a un proceso de modernizaci\u00f3n que queremos llevar en el Estado&#8221;<\/em>, explic\u00f3 Martorella.<\/p>\n","protected":false},"excerpt":{"rendered":"<p>Sucedi\u00f3 en la primera sesi\u00f3n extraordinaria, del nuevo Concejo Deliberante. Genesio pidi\u00f3 un cuarto intermedio hasta el lunes para estudiar&hellip;<\/p>\n","protected":false},"author":3,"featured_media":7011,"comment_status":"closed","ping_status":"open","sticky":false,"template":"","format":"standard","meta":{"footnotes":""},"categories":[920],"tags":[66,67,836,891,226,227,253,401,527,572,649,871,751,791],"class_list":["post-7009","post","type-post","status-publish","format-standard","has-post-thumbnail","hentry","category-concejo-deliberante-online","tag-arroyito","tag-arroyito-cordoba","tag-arroyito-online","tag-concejales","tag-concejo","tag-concejo-deliberante","tag-cravero","tag-genesio","tag-mauricio-cravero","tag-noticias-de-arroyito-y-zona","tag-presupuesto","tag-radicalismo","tag-tarifas","tag-vecinalismo"],"_links":{"self":[{"href":"https:\/\/arroyitoonline.com.ar\/index.php?rest_route=\/wp\/v2\/posts\/7009","targetHints":{"allow":["GET"]}}],"collection":[{"href":"https:\/\/arroyitoonline.com.ar\/index.php?rest_route=\/wp\/v2\/posts"}],"about":[{"href":"https:\/\/arroyitoonline.com.ar\/index.php?rest_route=\/wp\/v2\/types\/post"}],"author":[{"embeddable":true,"href":"https:\/\/arroyitoonline.com.ar\/index.php?rest_route=\/wp\/v2\/users\/3"}],"replies":[{"embeddable":true,"href":"https:\/\/arroyitoonline.com.ar\/index.php?rest_route=%2Fwp%2Fv2%2Fcomments&post=7009"}],"version-history":[{"count":1,"href":"https:\/\/arroyitoonline.com.ar\/index.php?rest_route=\/wp\/v2\/posts\/7009\/revisions"}],"predecessor-version":[{"id":7012,"href":"https:\/\/arroyitoonline.com.ar\/index.php?rest_route=\/wp\/v2\/posts\/7009\/revisions\/7012"}],"wp:featuredmedia":[{"embeddable":true,"href":"https:\/\/arroyitoonline.com.ar\/index.php?rest_route=\/wp\/v2\/media\/7011"}],"wp:attachment":[{"href":"https:\/\/arroyitoonline.com.ar\/index.php?rest_route=%2Fwp%2Fv2%2Fmedia&parent=7009"}],"wp:term":[{"taxonomy":"category","embeddable":true,"href":"https:\/\/arroyitoonline.com.ar\/index.php?rest_route=%2Fwp%2Fv2%2Fcategories&post=7009"},{"taxonomy":"post_tag","embeddable":true,"href":"https:\/\/arroyitoonline.com.ar\/index.php?rest_route=%2Fwp%2Fv2%2Ftags&post=7009"}],"curies":[{"name":"wp","href":"https:\/\/api.w.org\/{rel}","templated":true}]}}