{"id":7029,"date":"2019-12-31T12:36:12","date_gmt":"2019-12-31T12:36:12","guid":{"rendered":"https:\/\/arroyitoonline.com.ar\/?p=7029"},"modified":"2019-12-31T12:36:15","modified_gmt":"2019-12-31T12:36:15","slug":"asi-funcionan-los-servicios-publicos-durante-fin-de-ano","status":"publish","type":"post","link":"https:\/\/arroyitoonline.com.ar\/?p=7029","title":{"rendered":"As\u00ed funcionan los servicios p\u00fablicos durante fin de a\u00f1o"},"content":{"rendered":"\n<p><strong>El \u00e1rea conducida por Jes\u00fas Beigveder explic\u00f3 c\u00f3mo ser\u00e1 el cronograma de recolecci\u00f3n de residuos s\u00f3lidos urbanos y de poda y escombros.<\/strong><\/p>\n\n\n\n<p>Desde la Municipalidad de Arroyito, a trav\u00e9s de la secretar\u00eda de Servicios P\u00fablicos a cargo de Jes\u00fas Beigveder, informaron cu\u00e1l ser\u00e1 el funcionamiento del \u00e1rea durante el feriado de fin de a\u00f1o. <\/p>\n\n\n\n<p>En este sentido, hoy martes 31 de diciembre, tanto la recolecci\u00f3n de residuos domiciliarios como la de poda y escombros se realiza hasta las 12:00 horas. <\/p>\n\n\n\n<p>Por su parte, el recorrido de recolecci\u00f3n de basura que deber\u00eda hacerse ma\u00f1ana mi\u00e9rcoles 1\u00b0 de enero ser\u00e1 concretada el jueves 2 de enero de 2020.<\/p>\n\n\n\n<p>Fuente: Prensa Municipal.<\/p>\n\n\n\n<p>Foto de archivo.<\/p>\n","protected":false},"excerpt":{"rendered":"<p>El \u00e1rea conducida por Jes\u00fas Beigveder explic\u00f3 c\u00f3mo ser\u00e1 el cronograma de recolecci\u00f3n de residuos s\u00f3lidos urbanos y de poda&hellip;<\/p>\n","protected":false},"author":3,"featured_media":2563,"comment_status":"closed","ping_status":"open","sticky":false,"template":"","format":"standard","meta":{"footnotes":""},"categories":[879],"tags":[66,67,836,367,555,556,572,675,731,732],"class_list":["post-7029","post","type-post","status-publish","format-standard","has-post-thumbnail","hentry","category-servicios-publicos","tag-arroyito","tag-arroyito-cordoba","tag-arroyito-online","tag-feriado","tag-municipalidad","tag-municipalidad-de-arroyito","tag-noticias-de-arroyito-y-zona","tag-recoleccion-de-residuos","tag-servicios","tag-servicios-publicos"],"_links":{"self":[{"href":"https:\/\/arroyitoonline.com.ar\/index.php?rest_route=\/wp\/v2\/posts\/7029","targetHints":{"allow":["GET"]}}],"collection":[{"href":"https:\/\/arroyitoonline.com.ar\/index.php?rest_route=\/wp\/v2\/posts"}],"about":[{"href":"https:\/\/arroyitoonline.com.ar\/index.php?rest_route=\/wp\/v2\/types\/post"}],"author":[{"embeddable":true,"href":"https:\/\/arroyitoonline.com.ar\/index.php?rest_route=\/wp\/v2\/users\/3"}],"replies":[{"embeddable":true,"href":"https:\/\/arroyitoonline.com.ar\/index.php?rest_route=%2Fwp%2Fv2%2Fcomments&post=7029"}],"version-history":[{"count":1,"href":"https:\/\/arroyitoonline.com.ar\/index.php?rest_route=\/wp\/v2\/posts\/7029\/revisions"}],"predecessor-version":[{"id":7030,"href":"https:\/\/arroyitoonline.com.ar\/index.php?rest_route=\/wp\/v2\/posts\/7029\/revisions\/7030"}],"wp:featuredmedia":[{"embeddable":true,"href":"https:\/\/arroyitoonline.com.ar\/index.php?rest_route=\/wp\/v2\/media\/2563"}],"wp:attachment":[{"href":"https:\/\/arroyitoonline.com.ar\/index.php?rest_route=%2Fwp%2Fv2%2Fmedia&parent=7029"}],"wp:term":[{"taxonomy":"category","embeddable":true,"href":"https:\/\/arroyitoonline.com.ar\/index.php?rest_route=%2Fwp%2Fv2%2Fcategories&post=7029"},{"taxonomy":"post_tag","embeddable":true,"href":"https:\/\/arroyitoonline.com.ar\/index.php?rest_route=%2Fwp%2Fv2%2Ftags&post=7029"}],"curies":[{"name":"wp","href":"https:\/\/api.w.org\/{rel}","templated":true}]}}