{"id":7032,"date":"2019-12-31T17:08:20","date_gmt":"2019-12-31T17:08:20","guid":{"rendered":"https:\/\/arroyitoonline.com.ar\/?p=7032"},"modified":"2019-12-31T18:29:34","modified_gmt":"2019-12-31T18:29:34","slug":"diego-exempleado-de-ribeiro-la-union-hizo-la-fuerza-y-los-seis-locos-lograron-la-victoria","status":"publish","type":"post","link":"https:\/\/arroyitoonline.com.ar\/?p=7032","title":{"rendered":"Diego, exempleado de Ribeiro: &#8220;La uni\u00f3n hizo la fuerza y los seis locos lograron la victoria&#8221;"},"content":{"rendered":"\n<p><strong>El trabajador escribi\u00f3 una emotiva carta representando las sensaciones de lo vivido durante 31 d\u00edas de acampe, que concluyeron con el acuerdo. Un precedente de lucha \u00fanico en el pa\u00eds.<\/strong><\/p>\n\n\n\n<p>El domingo pasado, los exempleados de Ribeiro finalizaron el acampe de 31 d\u00edas, frente a lo que fue la sucursal local de la firma del rubro electrodom\u00e9sticos, la cual <a href=\"https:\/\/arroyitoonline.com.ar\/info-online\/comercio\/arroyito-siete-personas-quedarian-sin-trabajo-por-el-cierre-de-ribeiro\/\">cerr\u00f3 sus puertas sin previo aviso<\/a>, el jueves 28 de noviembre, dej\u00e1ndolos en la calle.<\/p>\n\n\n\n<p>Los seis trabajadores, con el patrocinio de las abogadas Marcela Maggi y Georgina Roberts, lograron el viernes 27 de diciembre, un acuerdo que redujo los plazos de pago y mejor\u00f3 las condiciones del arreglo inicial, de las ocho cuotas prometidas por la patronal, a tres pagos, que incluyen todos los \u00edtems adeudados (sueldos de noviembre y diciembre, aguinaldo, vacaciones e indemnizaci\u00f3n). <\/p>\n\n\n\n<p>La noticia, <a href=\"https:\/\/arroyitoonline.com.ar\/info-online\/comercio\/empleados-de-arroyito-firmaron-acuerdo-con-ribeiro-y-levantaron-el-acampe\/\">comunicada en primicia por Arroyito Online<\/a>, fue oficializada ayer a la tarde, en una conferencia de prensa que culmin\u00f3 con el retiro de todos los carteles que hab\u00edan sido colocados en la fachada del local donde funcion\u00f3 Minicuotas Ribeiro. <\/p>\n\n\n\n<figure class=\"wp-block-embed-facebook wp-block-embed is-type-video is-provider-facebook\"><div class=\"wp-block-embed__wrapper\">\nhttps:\/\/www.facebook.com\/arroyitoonlineoficial\/videos\/576036733174720\/\n<\/div><figcaption><em>La conferencia de prensa brindada ayer, por los extrabajadores y las abogadas.<\/em><\/figcaption><\/figure>\n\n\n\n<p>En este marco, uno de los damnificados, escribi\u00f3 una carta abierta que se viraliza por las redes sociales, en particular WhatsApp. Diego realiz\u00f3 un balance del mes que pasaron a la intemperie, sufriendo las condiciones del tiempo, tales como lluvia, viento y calor, y alejados de sus hogares, incluso en fechas claves de sus vidas, como cumplea\u00f1os y Nochebuena. A continuaci\u00f3n reproducimos  sus palabras:<\/p>\n\n\n\n<p class=\"has-background has-light-green-cyan-background-color\"><strong><em>&#8220;Mi gente querida, hoy es un d\u00eda diferente, estoy en casa&#8230; no hay cafecito, no hay reposeras, menos moscas que joden; no hay mates amargos, no hay charla con amigos, no hay novedades que esperar, solo recuerdos de estos 31 d\u00edas que pasamos de lucha y uni\u00f3n.<\/em><\/strong><\/p>\n\n\n\n<p class=\"has-background has-light-green-cyan-background-color\"><strong><em>Fueron d\u00edas de calor, de lluvia, de tristezas y amarguras, pero tambi\u00e9n fueron d\u00edas de muchas alegr\u00edas, de mucha amistad, de reencontrar gente que hac\u00eda mucho que no ve\u00eda; d\u00edas en que la familia se uni\u00f3 m\u00e1s que nunca y todas estas \u00faltimas cosas nos dieron la fuerza para ganar esta batalla. S\u00ed mi gente, les ganamos y siento un orgullo inmenso de haberlo logrado junto a todos ustedes.<\/em><\/strong><\/p>\n\n\n\n<p class=\"has-background has-light-green-cyan-background-color\"><strong><em>C\u00f3mo olvidar mi cumple que me festejaron en el acampe y la Navidad que pasamos juntos\u2026 son cosas que nunca se van a borrar de mi mente, momentos maravillosos que marcaron mi vida para siempre.<\/em><\/strong><\/p>\n\n\n\n<p class=\"has-background has-light-green-cyan-background-color\"><strong><em>Ale y Moni, gracias y m\u00e1s gracias, porque siempre estuvieron ah\u00ed, todos los d\u00edas d\u00e1ndose una vueltita por el acampe apoyando, ayudando y d\u00e1ndonos todo de ustedes, MIL GRACIAS!!! de todo coraz\u00f3n&#8230; Gente que estuvo al lado nuestro todos los d\u00edas como el pap\u00e1 de Guille, un tipazo; \u201cCoche\u201d, un personaje; mi viejo querido; Marina, un sin\u00f3nimo de fuerza y apoyo para todos constantemente; la hija de Rub\u00e9n apoyando siempre; Tamara y Uli, siempre apareciendo para ayudar y la Elisa, que aparec\u00eda tambi\u00e9n dando su apoyo hasta borrachita fue&#8230; \u00bfTe acord\u00e1s, Eli?&#8230; tambi\u00e9n Fabi\u00e1n, con sus simpleza y generosidad, grande el flaco, un tipazo te ganaste, Moni. Y much\u00edsima gente m\u00e1s, solo decirles muchas gracias a todos&#8230;<\/em><\/strong><\/p>\n\n\n\n<p class=\"has-background has-light-green-cyan-background-color\"><strong><em>Guille, Dar\u00edo, Jorge, Rub\u00e9n, Emilio, mis queridos compa\u00f1eros, mil gracias por haberme acompa\u00f1ado en esta batalla&#8230; La uni\u00f3n hizo la fuerza y los seis locos lograron la victoria. Es de no creer, pero estamos dejando un ense\u00f1anza y ejemplo de lucha que Arroyito nunca va a poder olvidar, muchachos, y nosotros tampoco.<\/em><\/strong><\/p>\n\n\n\n<p class=\"has-background has-light-green-cyan-background-color\"><em><strong>Gente querida terminamos un&nbsp;a\u00f1o que no fue muy positivo, pero con final feliz&#8230; Tengo mucha fe que 2020 va a ser mucho mejor y Dios nos va ayudar a encontrar nuevos caminos llenos de esperanzas, para lograr armar nuestras vidas de nuevo. La familia y el amor est\u00e1n, que es lo m\u00e1s importante; todo lo otro es secundario amigos.&nbsp; <\/strong><\/em><\/p>\n\n\n\n<p class=\"has-background has-light-green-cyan-background-color\"><em><strong>Esta noche, cuando levantemos a las 12 nuestras copas para brindar van a pasar miles de cosas por nuestras mentes: cosas malas, cosas buenas, amor y felicidad.&nbsp; Brindemos por todo, porque todo es parte de nuestras vidas&#8230;<\/strong><\/em><\/p>\n\n\n\n<p class=\"has-background has-light-green-cyan-background-color\"><em><strong>SALUD, MI FAMILIA!!! QUE TENGAN UN FELIZ 2020!!! Y NOS VEMOS EL A\u00d1O QUE VIENE. BESOS Y ABRAZOS PARA TODOS!!!&#8221;<\/strong><\/em><\/p>\n","protected":false},"excerpt":{"rendered":"<p>El trabajador escribi\u00f3 una emotiva carta representando las sensaciones de lo vivido durante 31 d\u00edas de acampe, que concluyeron con&hellip;<\/p>\n","protected":false},"author":3,"featured_media":7033,"comment_status":"closed","ping_status":"open","sticky":false,"template":"","format":"standard","meta":{"footnotes":""},"categories":[996],"tags":[66,67,836,217,855,883,572,768],"class_list":["post-7032","post","type-post","status-publish","format-standard","has-post-thumbnail","hentry","category-comercio","tag-arroyito","tag-arroyito-cordoba","tag-arroyito-online","tag-comercio","tag-crisis","tag-desocupados","tag-noticias-de-arroyito-y-zona","tag-trabajo"],"_links":{"self":[{"href":"https:\/\/arroyitoonline.com.ar\/index.php?rest_route=\/wp\/v2\/posts\/7032","targetHints":{"allow":["GET"]}}],"collection":[{"href":"https:\/\/arroyitoonline.com.ar\/index.php?rest_route=\/wp\/v2\/posts"}],"about":[{"href":"https:\/\/arroyitoonline.com.ar\/index.php?rest_route=\/wp\/v2\/types\/post"}],"author":[{"embeddable":true,"href":"https:\/\/arroyitoonline.com.ar\/index.php?rest_route=\/wp\/v2\/users\/3"}],"replies":[{"embeddable":true,"href":"https:\/\/arroyitoonline.com.ar\/index.php?rest_route=%2Fwp%2Fv2%2Fcomments&post=7032"}],"version-history":[{"count":4,"href":"https:\/\/arroyitoonline.com.ar\/index.php?rest_route=\/wp\/v2\/posts\/7032\/revisions"}],"predecessor-version":[{"id":7039,"href":"https:\/\/arroyitoonline.com.ar\/index.php?rest_route=\/wp\/v2\/posts\/7032\/revisions\/7039"}],"wp:featuredmedia":[{"embeddable":true,"href":"https:\/\/arroyitoonline.com.ar\/index.php?rest_route=\/wp\/v2\/media\/7033"}],"wp:attachment":[{"href":"https:\/\/arroyitoonline.com.ar\/index.php?rest_route=%2Fwp%2Fv2%2Fmedia&parent=7032"}],"wp:term":[{"taxonomy":"category","embeddable":true,"href":"https:\/\/arroyitoonline.com.ar\/index.php?rest_route=%2Fwp%2Fv2%2Fcategories&post=7032"},{"taxonomy":"post_tag","embeddable":true,"href":"https:\/\/arroyitoonline.com.ar\/index.php?rest_route=%2Fwp%2Fv2%2Ftags&post=7032"}],"curies":[{"name":"wp","href":"https:\/\/api.w.org\/{rel}","templated":true}]}}