{"id":7053,"date":"2020-01-02T13:01:38","date_gmt":"2020-01-02T13:01:38","guid":{"rendered":"https:\/\/arroyitoonline.com.ar\/?p=7053"},"modified":"2020-01-02T13:01:44","modified_gmt":"2020-01-02T13:01:44","slug":"joven-de-la-tordilla-golpeo-en-el-ojo-a-otro-de-villa-concepcion-y-fue-detenido","status":"publish","type":"post","link":"https:\/\/arroyitoonline.com.ar\/?p=7053","title":{"rendered":"Joven de La Tordilla golpe\u00f3 en el ojo a otro de Villa Concepci\u00f3n y fue detenido"},"content":{"rendered":"\n<p><strong>Tiene 19 a\u00f1os y qued\u00f3 alojado en la Comisar\u00eda, por supuesto autor del delito de lesiones leves.<\/strong><\/p>\n\n\n\n<p>El primer d\u00eda del a\u00f1o a las 8:30 horas, en la intersecci\u00f3n de las avenidas Careto y Pagani, un joven tom\u00f3 a golpes de pu\u00f1o a otro sujeto.<\/p>\n\n\n\n<p>Cuando la Polic\u00eda lleg\u00f3 al sector, y se encontr\u00f3 con esta situaci\u00f3n, redujo y aprehendi\u00f3 al agresor traslad\u00e1ndolo a la Comisar\u00eda local, donde fue identificado. Tiene 19 a\u00f1os y es oriundo de La Tordilla. <\/p>\n\n\n\n<p>Mientras tanto, al lugar del hecho arrib\u00f3 el servicio de emergencias que llev\u00f3 al joven (18) de Villa Concepci\u00f3n golpeado al hospital municipal, donde le diagnosticaron traumatismo en el ojo derecho. <\/p>\n\n\n\n<p>Por directivas del magistrado interviniente, el autor de la agresi\u00f3n contin\u00faa\ndetenido, a disposici\u00f3n de la Fiscal\u00eda de Instrucci\u00f3n de Feria de San\nFrancisco, por supuesto autor del delito de lesiones leves.<\/p>\n\n\n\n<p>Fuente: informe de la oficial Principal J\u00e9sica Paz, a cargo de la Base\nOperativa Sector Sur Suboficial Principal Gustavo Carlos D\u00edaz.<strong><\/strong><\/p>\n","protected":false},"excerpt":{"rendered":"<p>Tiene 19 a\u00f1os y qued\u00f3 alojado en la Comisar\u00eda, por supuesto autor del delito de lesiones leves. El primer d\u00eda&hellip;<\/p>\n","protected":false},"author":3,"featured_media":4281,"comment_status":"closed","ping_status":"open","sticky":false,"template":"","format":"standard","meta":{"footnotes":""},"categories":[824],"tags":[66,67,836,471,572,635,637,638,825,808],"class_list":["post-7053","post","type-post","status-publish","format-standard","has-post-thumbnail","hentry","category-policiales-online","tag-arroyito","tag-arroyito-cordoba","tag-arroyito-online","tag-jovenes","tag-noticias-de-arroyito-y-zona","tag-policia","tag-policiales","tag-policiales-arroyito","tag-policiales-online","tag-violencia"],"_links":{"self":[{"href":"https:\/\/arroyitoonline.com.ar\/index.php?rest_route=\/wp\/v2\/posts\/7053","targetHints":{"allow":["GET"]}}],"collection":[{"href":"https:\/\/arroyitoonline.com.ar\/index.php?rest_route=\/wp\/v2\/posts"}],"about":[{"href":"https:\/\/arroyitoonline.com.ar\/index.php?rest_route=\/wp\/v2\/types\/post"}],"author":[{"embeddable":true,"href":"https:\/\/arroyitoonline.com.ar\/index.php?rest_route=\/wp\/v2\/users\/3"}],"replies":[{"embeddable":true,"href":"https:\/\/arroyitoonline.com.ar\/index.php?rest_route=%2Fwp%2Fv2%2Fcomments&post=7053"}],"version-history":[{"count":1,"href":"https:\/\/arroyitoonline.com.ar\/index.php?rest_route=\/wp\/v2\/posts\/7053\/revisions"}],"predecessor-version":[{"id":7054,"href":"https:\/\/arroyitoonline.com.ar\/index.php?rest_route=\/wp\/v2\/posts\/7053\/revisions\/7054"}],"wp:featuredmedia":[{"embeddable":true,"href":"https:\/\/arroyitoonline.com.ar\/index.php?rest_route=\/wp\/v2\/media\/4281"}],"wp:attachment":[{"href":"https:\/\/arroyitoonline.com.ar\/index.php?rest_route=%2Fwp%2Fv2%2Fmedia&parent=7053"}],"wp:term":[{"taxonomy":"category","embeddable":true,"href":"https:\/\/arroyitoonline.com.ar\/index.php?rest_route=%2Fwp%2Fv2%2Fcategories&post=7053"},{"taxonomy":"post_tag","embeddable":true,"href":"https:\/\/arroyitoonline.com.ar\/index.php?rest_route=%2Fwp%2Fv2%2Ftags&post=7053"}],"curies":[{"name":"wp","href":"https:\/\/api.w.org\/{rel}","templated":true}]}}