{"id":7062,"date":"2020-01-03T11:25:51","date_gmt":"2020-01-03T11:25:51","guid":{"rendered":"https:\/\/arroyitoonline.com.ar\/?p=7062"},"modified":"2020-01-03T11:25:52","modified_gmt":"2020-01-03T11:25:52","slug":"el-primer-dia-de-2020-ladrones-robaron-en-una-vivienda","status":"publish","type":"post","link":"https:\/\/arroyitoonline.com.ar\/?p=7062","title":{"rendered":"El primer d\u00eda de 2020, ladrones robaron en una vivienda"},"content":{"rendered":"\n<p><strong>Los malvivientes ingresaron a la casa violentando una ventana de aluminio del lavadero. <\/strong><\/p>\n\n\n\n<p>El primer d\u00eda del a\u00f1o, a las 22:15 horas, la Polic\u00eda entrevist\u00f3 al propietario de una vivienda ubicada en Carlos Favari 1100.<\/p>\n\n\n\n<p>El hombre (49) manifest\u00f3 que se ausent\u00f3 del domicilio a las 19:30 horas del d\u00eda anterior y, cuando regres\u00f3, constat\u00f3 que autores ignorados violentaron una ventana de aluminio del lavadero ingresando a su casa. <\/p>\n\n\n\n<p>Los malvivientes se llevaron insumos varios de peluquer\u00eda, una notebook color negro, entre otros elementos de la vivienda. <\/p>\n\n\n\n<p>En lugar se hizo presente personal de Investigaciones labrando\nactuaciones de rigor. <\/p>\n\n\n\n<p>Fuente: informe de la oficial Principal J\u00e9sica Paz, a cargo de la Base\nOperativa Sector Sur Suboficial Principal Gustavo Carlos D\u00edaz.<strong><\/strong><\/p>\n","protected":false},"excerpt":{"rendered":"<p>Los malvivientes ingresaron a la casa violentando una ventana de aluminio del lavadero. El primer d\u00eda del a\u00f1o, a las&hellip;<\/p>\n","protected":false},"author":3,"featured_media":2730,"comment_status":"closed","ping_status":"open","sticky":false,"template":"","format":"standard","meta":{"footnotes":""},"categories":[824],"tags":[66,67,836,488,572,635,637,638,825,693,694],"class_list":["post-7062","post","type-post","status-publish","format-standard","has-post-thumbnail","hentry","category-policiales-online","tag-arroyito","tag-arroyito-cordoba","tag-arroyito-online","tag-ladrones","tag-noticias-de-arroyito-y-zona","tag-policia","tag-policiales","tag-policiales-arroyito","tag-policiales-online","tag-robo","tag-robos"],"_links":{"self":[{"href":"https:\/\/arroyitoonline.com.ar\/index.php?rest_route=\/wp\/v2\/posts\/7062","targetHints":{"allow":["GET"]}}],"collection":[{"href":"https:\/\/arroyitoonline.com.ar\/index.php?rest_route=\/wp\/v2\/posts"}],"about":[{"href":"https:\/\/arroyitoonline.com.ar\/index.php?rest_route=\/wp\/v2\/types\/post"}],"author":[{"embeddable":true,"href":"https:\/\/arroyitoonline.com.ar\/index.php?rest_route=\/wp\/v2\/users\/3"}],"replies":[{"embeddable":true,"href":"https:\/\/arroyitoonline.com.ar\/index.php?rest_route=%2Fwp%2Fv2%2Fcomments&post=7062"}],"version-history":[{"count":1,"href":"https:\/\/arroyitoonline.com.ar\/index.php?rest_route=\/wp\/v2\/posts\/7062\/revisions"}],"predecessor-version":[{"id":7063,"href":"https:\/\/arroyitoonline.com.ar\/index.php?rest_route=\/wp\/v2\/posts\/7062\/revisions\/7063"}],"wp:featuredmedia":[{"embeddable":true,"href":"https:\/\/arroyitoonline.com.ar\/index.php?rest_route=\/wp\/v2\/media\/2730"}],"wp:attachment":[{"href":"https:\/\/arroyitoonline.com.ar\/index.php?rest_route=%2Fwp%2Fv2%2Fmedia&parent=7062"}],"wp:term":[{"taxonomy":"category","embeddable":true,"href":"https:\/\/arroyitoonline.com.ar\/index.php?rest_route=%2Fwp%2Fv2%2Fcategories&post=7062"},{"taxonomy":"post_tag","embeddable":true,"href":"https:\/\/arroyitoonline.com.ar\/index.php?rest_route=%2Fwp%2Fv2%2Ftags&post=7062"}],"curies":[{"name":"wp","href":"https:\/\/api.w.org\/{rel}","templated":true}]}}