{"id":7080,"date":"2020-01-06T23:36:58","date_gmt":"2020-01-06T23:36:58","guid":{"rendered":"https:\/\/arroyitoonline.com.ar\/?p=7080"},"modified":"2020-01-06T23:37:01","modified_gmt":"2020-01-06T23:37:01","slug":"motociclista-choco-con-camioneta-y-resulto-lesionado","status":"publish","type":"post","link":"https:\/\/arroyitoonline.com.ar\/?p=7080","title":{"rendered":"Motociclista choc\u00f3 con camioneta y result\u00f3 lesionado"},"content":{"rendered":"\n<p><strong>Al hombre de 52 a\u00f1os le diagnosticaron traumatismo leve de cr\u00e1neo y qued\u00f3 en observaci\u00f3n.  <\/strong><\/p>\n\n\n\n<p>El s\u00e1bado, minutos antes de las 9:00 horas, se produjo un accidente de tr\u00e1nsito en la intersecci\u00f3n de las avenidas Mariano Moreno y Marcelino Bernardi. <\/p>\n\n\n\n<p>Momentos antes, circulaba por Moreno, en sentido de oeste a este, una\ncamioneta Chevrolet S10 blanca conducida por un joven de 25 a\u00f1os domiciliado en\nzona rural de La Tordilla. Cuando intent\u00f3 girar hacia el norte por Bernardi\ncolision\u00f3 con una motocicleta Brava Nevada 100 cc azul, sin dominio colocado,\nguiada por un se\u00f1or de 52 a\u00f1os domiciliado en esta ciudad.<\/p>\n\n\n\n<p>A continuaci\u00f3n, en el lugar, se hizo presente el servicio de emergencias\ntrasladando al ocupante del rodado menor al Hospital Municipal donde fue asistido.\nLe diagnosticaron traumatismo leve de cr\u00e1neo y qued\u00f3 en observaci\u00f3n. <\/p>\n\n\n\n<p>Intervino la Fiscal\u00eda de feria de la ciudad de San Francisco.<\/p>\n\n\n\n<p>Fuente: informe del comisario Inspector Pablo Berardo, jefe de Zona de\nInspecci\u00f3n N\u00b0 4.<\/p>\n","protected":false},"excerpt":{"rendered":"<p>Al hombre de 52 a\u00f1os le diagnosticaron traumatismo leve de cr\u00e1neo y qued\u00f3 en observaci\u00f3n. El s\u00e1bado, minutos antes de&hellip;<\/p>\n","protected":false},"author":3,"featured_media":3993,"comment_status":"closed","ping_status":"open","sticky":false,"template":"","format":"standard","meta":{"footnotes":""},"categories":[824],"tags":[66,67,836,191,547,572,635,637,638,825],"class_list":["post-7080","post","type-post","status-publish","format-standard","has-post-thumbnail","hentry","category-policiales-online","tag-arroyito","tag-arroyito-cordoba","tag-arroyito-online","tag-choque","tag-motos","tag-noticias-de-arroyito-y-zona","tag-policia","tag-policiales","tag-policiales-arroyito","tag-policiales-online"],"_links":{"self":[{"href":"https:\/\/arroyitoonline.com.ar\/index.php?rest_route=\/wp\/v2\/posts\/7080","targetHints":{"allow":["GET"]}}],"collection":[{"href":"https:\/\/arroyitoonline.com.ar\/index.php?rest_route=\/wp\/v2\/posts"}],"about":[{"href":"https:\/\/arroyitoonline.com.ar\/index.php?rest_route=\/wp\/v2\/types\/post"}],"author":[{"embeddable":true,"href":"https:\/\/arroyitoonline.com.ar\/index.php?rest_route=\/wp\/v2\/users\/3"}],"replies":[{"embeddable":true,"href":"https:\/\/arroyitoonline.com.ar\/index.php?rest_route=%2Fwp%2Fv2%2Fcomments&post=7080"}],"version-history":[{"count":1,"href":"https:\/\/arroyitoonline.com.ar\/index.php?rest_route=\/wp\/v2\/posts\/7080\/revisions"}],"predecessor-version":[{"id":7081,"href":"https:\/\/arroyitoonline.com.ar\/index.php?rest_route=\/wp\/v2\/posts\/7080\/revisions\/7081"}],"wp:featuredmedia":[{"embeddable":true,"href":"https:\/\/arroyitoonline.com.ar\/index.php?rest_route=\/wp\/v2\/media\/3993"}],"wp:attachment":[{"href":"https:\/\/arroyitoonline.com.ar\/index.php?rest_route=%2Fwp%2Fv2%2Fmedia&parent=7080"}],"wp:term":[{"taxonomy":"category","embeddable":true,"href":"https:\/\/arroyitoonline.com.ar\/index.php?rest_route=%2Fwp%2Fv2%2Fcategories&post=7080"},{"taxonomy":"post_tag","embeddable":true,"href":"https:\/\/arroyitoonline.com.ar\/index.php?rest_route=%2Fwp%2Fv2%2Ftags&post=7080"}],"curies":[{"name":"wp","href":"https:\/\/api.w.org\/{rel}","templated":true}]}}