{"id":7082,"date":"2020-01-07T01:17:17","date_gmt":"2020-01-07T01:17:17","guid":{"rendered":"https:\/\/arroyitoonline.com.ar\/?p=7082"},"modified":"2020-01-07T01:17:18","modified_gmt":"2020-01-07T01:17:18","slug":"benedetti-creo-las-secretarias-de-educacion-y-cultura-y-de-control-de-gestion","status":"publish","type":"post","link":"https:\/\/arroyitoonline.com.ar\/?p=7082","title":{"rendered":"Benedetti cre\u00f3 las secretar\u00edas de Educaci\u00f3n y Cultura y de Control de Gesti\u00f3n"},"content":{"rendered":"\n<p><strong>El intendente design\u00f3 a Ver\u00f3nica Maritano, al frente de la primera, y a Diamela \u00c1lvarez Novara, a cargo de la segunda cartera. <\/strong><\/p>\n\n\n\n<p>El intendente municipal Gustavo A. Benedetti, en uso de sus atribuciones, design\u00f3 como secretaria de Educaci\u00f3n y Cultura a la Lic. Ver\u00f3nica Andrea Maritano, a trav\u00e9s del Decreto N\u00b0 001-C\/20, con fecha del jueves 2 de enero de 2020.<\/p>\n\n\n\n<p>El texto considera a <em>\u201cla educaci\u00f3n como derecho de cada ciudadano y como deber de quienes nos representan\u201d<\/em>. Adem\u00e1s, establece que la secretar\u00eda <em>\u201ctrabajar\u00e1 en forma conjunta y en equipo hacia la mejora continua de la Educaci\u00f3n de nuestra ciudad, en sus diferentes niveles del sistema, con miras a atender las necesidades espec\u00edficas de cada centro educativo y de manera general a la ciudad en su totalidad\u201d<\/em>.<\/p>\n\n\n\n<p>Tambi\u00e9n el jueves 2 de enero de 2020, a trav\u00e9s del Decreto N\u00b0002- C\/20, Benedetti, en uso de sus atribuciones, design\u00f3 como secretaria de Modernizaci\u00f3n y Control de Gesti\u00f3n a la Tec. Sup. Diamela \u00c1lvarez Novara.<\/p>\n\n\n\n<p>Seg\u00fan se ha decretado, la nueva cartera tendr\u00e1 a cargo la generaci\u00f3n de <em>&#8220;estrategias para el cumplimiento de los objetivos fijados por el gobierno, y monitorear las distintas \u00e1reas que conforman el Departamento Ejecutivo, con el objetivo de garantizar la factibilidad de los proyectos, la transparencia de la gesti\u00f3n y el nivel de operatividad de las secretar\u00edas\u201d<\/em>.<\/p>\n\n\n\n<p>Por su parte, el viernes 3 de enero de 2020, ambas flamantes funcionarias tomaron el juramento de rigor en un sencillo acto desarrollado en la sala de deliberaciones del edificio municipal.<\/p>\n\n\n\n<p>Fuente: Prensa Municipal. <\/p>\n","protected":false},"excerpt":{"rendered":"<p>El intendente design\u00f3 a Ver\u00f3nica Maritano, al frente de la primera, y a Diamela \u00c1lvarez Novara, a cargo de la&hellip;<\/p>\n","protected":false},"author":3,"featured_media":7083,"comment_status":"closed","ping_status":"open","sticky":false,"template":"","format":"standard","meta":{"footnotes":""},"categories":[829],"tags":[66,67,836,115,259,310,968,868,555,556,572],"class_list":["post-7082","post","type-post","status-publish","format-standard","has-post-thumbnail","hentry","category-municipales-online","tag-arroyito","tag-arroyito-cordoba","tag-arroyito-online","tag-benedetti","tag-cultura","tag-educacion","tag-gustavo-benedetti","tag-municipales-online","tag-municipalidad","tag-municipalidad-de-arroyito","tag-noticias-de-arroyito-y-zona"],"_links":{"self":[{"href":"https:\/\/arroyitoonline.com.ar\/index.php?rest_route=\/wp\/v2\/posts\/7082","targetHints":{"allow":["GET"]}}],"collection":[{"href":"https:\/\/arroyitoonline.com.ar\/index.php?rest_route=\/wp\/v2\/posts"}],"about":[{"href":"https:\/\/arroyitoonline.com.ar\/index.php?rest_route=\/wp\/v2\/types\/post"}],"author":[{"embeddable":true,"href":"https:\/\/arroyitoonline.com.ar\/index.php?rest_route=\/wp\/v2\/users\/3"}],"replies":[{"embeddable":true,"href":"https:\/\/arroyitoonline.com.ar\/index.php?rest_route=%2Fwp%2Fv2%2Fcomments&post=7082"}],"version-history":[{"count":1,"href":"https:\/\/arroyitoonline.com.ar\/index.php?rest_route=\/wp\/v2\/posts\/7082\/revisions"}],"predecessor-version":[{"id":7084,"href":"https:\/\/arroyitoonline.com.ar\/index.php?rest_route=\/wp\/v2\/posts\/7082\/revisions\/7084"}],"wp:featuredmedia":[{"embeddable":true,"href":"https:\/\/arroyitoonline.com.ar\/index.php?rest_route=\/wp\/v2\/media\/7083"}],"wp:attachment":[{"href":"https:\/\/arroyitoonline.com.ar\/index.php?rest_route=%2Fwp%2Fv2%2Fmedia&parent=7082"}],"wp:term":[{"taxonomy":"category","embeddable":true,"href":"https:\/\/arroyitoonline.com.ar\/index.php?rest_route=%2Fwp%2Fv2%2Fcategories&post=7082"},{"taxonomy":"post_tag","embeddable":true,"href":"https:\/\/arroyitoonline.com.ar\/index.php?rest_route=%2Fwp%2Fv2%2Ftags&post=7082"}],"curies":[{"name":"wp","href":"https:\/\/api.w.org\/{rel}","templated":true}]}}