{"id":7098,"date":"2020-01-08T02:39:56","date_gmt":"2020-01-08T02:39:56","guid":{"rendered":"https:\/\/arroyitoonline.com.ar\/?p=7098"},"modified":"2020-01-08T02:39:58","modified_gmt":"2020-01-08T02:39:58","slug":"balneario-el-municipio-trabaja-en-el-mantenimiento-del-espacio-verde-y-habilita-los-banos-24-horas","status":"publish","type":"post","link":"https:\/\/arroyitoonline.com.ar\/?p=7098","title":{"rendered":"Balneario: el Municipio trabaja en el mantenimiento del espacio verde y habilita los ba\u00f1os 24 horas"},"content":{"rendered":"\n<p><strong>Desde la actual gesti\u00f3n realizan tareas intensivas de corte de c\u00e9sped, poda de \u00e1rboles secos y pintura de los sanitarios, que ahora est\u00e1n habilitados todo el d\u00eda. <\/strong><\/p>\n\n\n\n<p>La actual gesti\u00f3n municipal design\u00f3 un equipo de personas para la reorganizaci\u00f3n del Balneario, atendiendo a las necesidades de la temporada de verano.<\/p>\n\n\n\n<p>El mantenimiento del espacio verde en esa zona, el corte de c\u00e9sped y la poda de \u00e1rboles secos, con el objetivo de que se genere una limpieza visual y mejore el estado de la costanera del r\u00edo, forma parte de los primeros ejes de trabajo. Por otra parte, ya se pintaron los ba\u00f1os del Balneario y se habilitaron para su atenci\u00f3n las 24 horas.<\/p>\n\n\n\n<p>Adem\u00e1s, en lo que respecta a Seguridad Vial, est\u00e1 en marcha un equipo de personas de Seguridad Privada, inspectores de Tr\u00e1nsito y Polic\u00eda, enfoc\u00e1ndose, desde el fin de semana pasado, en una mayor presencia policial.<\/p>\n\n\n\n<p><em>&#8220;Estamos abocados en la seguridad del \u00e1rea, para que la familia vuelva a la costanera y que la aprovechen igual que los j\u00f3venes. Estamos trabajando articuladamente con Polic\u00eda, Seguridad Ciudadana e Inspectores de Tr\u00e1nsito&#8221;<\/em>, dijo al respecto el secretario de Gobierno Jos\u00e9 Solera. <\/p>\n\n\n\n<p>Fuente: Prensa Municipal. <\/p>\n","protected":false},"excerpt":{"rendered":"<p>Desde la actual gesti\u00f3n realizan tareas intensivas de corte de c\u00e9sped, poda de \u00e1rboles secos y pintura de los sanitarios,&hellip;<\/p>\n","protected":false},"author":3,"featured_media":7099,"comment_status":"closed","ping_status":"open","sticky":false,"template":"","format":"standard","meta":{"footnotes":""},"categories":[829],"tags":[66,67,836,95,1069,868,555,556,571,572,690],"class_list":["post-7098","post","type-post","status-publish","format-standard","has-post-thumbnail","hentry","category-municipales-online","tag-arroyito","tag-arroyito-cordoba","tag-arroyito-online","tag-balneario","tag-costanera","tag-municipales-online","tag-municipalidad","tag-municipalidad-de-arroyito","tag-noticia","tag-noticias-de-arroyito-y-zona","tag-rio-xanaes"],"_links":{"self":[{"href":"https:\/\/arroyitoonline.com.ar\/index.php?rest_route=\/wp\/v2\/posts\/7098","targetHints":{"allow":["GET"]}}],"collection":[{"href":"https:\/\/arroyitoonline.com.ar\/index.php?rest_route=\/wp\/v2\/posts"}],"about":[{"href":"https:\/\/arroyitoonline.com.ar\/index.php?rest_route=\/wp\/v2\/types\/post"}],"author":[{"embeddable":true,"href":"https:\/\/arroyitoonline.com.ar\/index.php?rest_route=\/wp\/v2\/users\/3"}],"replies":[{"embeddable":true,"href":"https:\/\/arroyitoonline.com.ar\/index.php?rest_route=%2Fwp%2Fv2%2Fcomments&post=7098"}],"version-history":[{"count":1,"href":"https:\/\/arroyitoonline.com.ar\/index.php?rest_route=\/wp\/v2\/posts\/7098\/revisions"}],"predecessor-version":[{"id":7100,"href":"https:\/\/arroyitoonline.com.ar\/index.php?rest_route=\/wp\/v2\/posts\/7098\/revisions\/7100"}],"wp:featuredmedia":[{"embeddable":true,"href":"https:\/\/arroyitoonline.com.ar\/index.php?rest_route=\/wp\/v2\/media\/7099"}],"wp:attachment":[{"href":"https:\/\/arroyitoonline.com.ar\/index.php?rest_route=%2Fwp%2Fv2%2Fmedia&parent=7098"}],"wp:term":[{"taxonomy":"category","embeddable":true,"href":"https:\/\/arroyitoonline.com.ar\/index.php?rest_route=%2Fwp%2Fv2%2Fcategories&post=7098"},{"taxonomy":"post_tag","embeddable":true,"href":"https:\/\/arroyitoonline.com.ar\/index.php?rest_route=%2Fwp%2Fv2%2Ftags&post=7098"}],"curies":[{"name":"wp","href":"https:\/\/api.w.org\/{rel}","templated":true}]}}