{"id":7111,"date":"2020-01-08T03:24:55","date_gmt":"2020-01-08T03:24:55","guid":{"rendered":"https:\/\/arroyitoonline.com.ar\/?p=7111"},"modified":"2020-01-08T03:24:58","modified_gmt":"2020-01-08T03:24:58","slug":"la-municipalidad-realiza-convocatoria-de-proyectos-para-explotacion-de-locales-en-la-terminal","status":"publish","type":"post","link":"https:\/\/arroyitoonline.com.ar\/?p=7111","title":{"rendered":"La Municipalidad realiza convocatoria de proyectos para explotaci\u00f3n de locales en la Terminal"},"content":{"rendered":"\n<p><strong>Los interesados deber\u00e1n presentar sus proyectos, datos personales y contacto telef\u00f3nico, hasta el d\u00eda 15 de febrero de 2020.<\/strong><\/p>\n\n\n\n<p>La Municipalidad de la Ciudad de Arroyito, a trav\u00e9s del \u00e1rea de Asesor\u00eda Letrada, convoca a la presentaci\u00f3n de proyectos y sugerencias, para la explotaci\u00f3n de los locales n\u00fameros 3 y 6 de la Terminal de \u00d3mnibus de nuestra localidad.<\/p>\n\n\n\n<p>Los interesados deber\u00e1n presentar sus proyectos, datos personales y contacto telef\u00f3nico, hasta el d\u00eda 15 de febrero de 2020, en el despacho de Asesor\u00eda Letrada, ubicado en el edificio municipal Arq. Osvaldo\u00a0Pons, (Rivadavia 413), en el horario de 7:30 a 13:30.<\/p>\n\n\n\n<p>Fuente: Prensa Municipal. <\/p>\n\n\n\n<p>Foto de archivo Arroyito Online.<\/p>\n","protected":false},"excerpt":{"rendered":"<p>Los interesados deber\u00e1n presentar sus proyectos, datos personales y contacto telef\u00f3nico, hasta el d\u00eda 15 de febrero de 2020. La&hellip;<\/p>\n","protected":false},"author":3,"featured_media":4145,"comment_status":"closed","ping_status":"open","sticky":false,"template":"","format":"standard","meta":{"footnotes":""},"categories":[996],"tags":[66,67,836,1070,868,555,556,572,765],"class_list":["post-7111","post","type-post","status-publish","format-standard","has-post-thumbnail","hentry","category-comercio","tag-arroyito","tag-arroyito-cordoba","tag-arroyito-online","tag-co","tag-municipales-online","tag-municipalidad","tag-municipalidad-de-arroyito","tag-noticias-de-arroyito-y-zona","tag-terminal"],"_links":{"self":[{"href":"https:\/\/arroyitoonline.com.ar\/index.php?rest_route=\/wp\/v2\/posts\/7111","targetHints":{"allow":["GET"]}}],"collection":[{"href":"https:\/\/arroyitoonline.com.ar\/index.php?rest_route=\/wp\/v2\/posts"}],"about":[{"href":"https:\/\/arroyitoonline.com.ar\/index.php?rest_route=\/wp\/v2\/types\/post"}],"author":[{"embeddable":true,"href":"https:\/\/arroyitoonline.com.ar\/index.php?rest_route=\/wp\/v2\/users\/3"}],"replies":[{"embeddable":true,"href":"https:\/\/arroyitoonline.com.ar\/index.php?rest_route=%2Fwp%2Fv2%2Fcomments&post=7111"}],"version-history":[{"count":1,"href":"https:\/\/arroyitoonline.com.ar\/index.php?rest_route=\/wp\/v2\/posts\/7111\/revisions"}],"predecessor-version":[{"id":7112,"href":"https:\/\/arroyitoonline.com.ar\/index.php?rest_route=\/wp\/v2\/posts\/7111\/revisions\/7112"}],"wp:featuredmedia":[{"embeddable":true,"href":"https:\/\/arroyitoonline.com.ar\/index.php?rest_route=\/wp\/v2\/media\/4145"}],"wp:attachment":[{"href":"https:\/\/arroyitoonline.com.ar\/index.php?rest_route=%2Fwp%2Fv2%2Fmedia&parent=7111"}],"wp:term":[{"taxonomy":"category","embeddable":true,"href":"https:\/\/arroyitoonline.com.ar\/index.php?rest_route=%2Fwp%2Fv2%2Fcategories&post=7111"},{"taxonomy":"post_tag","embeddable":true,"href":"https:\/\/arroyitoonline.com.ar\/index.php?rest_route=%2Fwp%2Fv2%2Ftags&post=7111"}],"curies":[{"name":"wp","href":"https:\/\/api.w.org\/{rel}","templated":true}]}}