{"id":7122,"date":"2020-01-08T12:55:18","date_gmt":"2020-01-08T12:55:18","guid":{"rendered":"https:\/\/arroyitoonline.com.ar\/?p=7122"},"modified":"2020-01-08T12:55:33","modified_gmt":"2020-01-08T12:55:33","slug":"marull-un-hombre-se-ahogo-en-la-laguna-mar-chiquita","status":"publish","type":"post","link":"https:\/\/arroyitoonline.com.ar\/?p=7122","title":{"rendered":"Marull: un hombre se ahog\u00f3 en la Laguna Mar Chiquita"},"content":{"rendered":"\n<p><strong>Ingres\u00f3 al agua y, una hora despu\u00e9s, fue encontrado por su compa\u00f1ero de pesca a metros de la costa, sin signos vitales. Ten\u00eda\u00a055\u00a0a\u00f1os.<\/strong><\/p>\n\n\n\n<p>Ayer, dos vecinos (64 y 55 a\u00f1os) de Marull se encontraban pescando, unos cinco kil\u00f3metros al norte del campo de Drovetta, sobre la costa de la Laguna Mar Chiquita. Uno de ellos (55) ingres\u00f3 al agua por m\u00e1s de una hora y el otro (64) lo perdi\u00f3 de vista.<\/p>\n\n\n\n<p>Momentos m\u00e1s tarde, el sujeto observ\u00f3 a su amigo a metros de la costa, lo sac\u00f3 del agua y trat\u00f3 de reanimarlo, pero fracas\u00f3 en el intento, ya que se encontraba sin signos vitales. Tom\u00f3 su veh\u00edculo y se dirigi\u00f3 al Destacamento Policial de Marull. <\/p>\n\n\n\n<p>Al lugar del hecho llegaron uniformados, personal del Grupo Especial de Rescate y Salvamento (GERS), Bomberos Voluntarios y la ambulancia de la localidad. <\/p>\n\n\n\n<p>La Fiscal\u00eda de Instrucci\u00f3n de Feria orden\u00f3 que se resguarde la escena hasta el arribo de Polic\u00eda Judicial. Se labraron actuaciones sumariales instruidas en el Destacamento Marull. <\/p>\n\n\n\n<p>Fuente: Polic\u00eda Marull.<\/p>\n\n\n\n<p>Foto de archivo, solo a modo ilustrativo.<\/p>\n","protected":false},"excerpt":{"rendered":"<p>Ingres\u00f3 al agua y, una hora despu\u00e9s, fue encontrado por su compa\u00f1ero de pesca a metros de la costa, sin&hellip;<\/p>\n","protected":false},"author":3,"featured_media":7123,"comment_status":"closed","ping_status":"open","sticky":false,"template":"","format":"standard","meta":{"footnotes":""},"categories":[824,845],"tags":[66,67,836,129,905,517,524,572,635,637,825,847],"class_list":["post-7122","post","type-post","status-publish","format-standard","has-post-thumbnail","hentry","category-policiales-online","category-regionales-online","tag-arroyito","tag-arroyito-cordoba","tag-arroyito-online","tag-bomberos-voluntarios","tag-gers","tag-mar-chiquita","tag-marull","tag-noticias-de-arroyito-y-zona","tag-policia","tag-policiales","tag-policiales-online","tag-regionales-online"],"_links":{"self":[{"href":"https:\/\/arroyitoonline.com.ar\/index.php?rest_route=\/wp\/v2\/posts\/7122","targetHints":{"allow":["GET"]}}],"collection":[{"href":"https:\/\/arroyitoonline.com.ar\/index.php?rest_route=\/wp\/v2\/posts"}],"about":[{"href":"https:\/\/arroyitoonline.com.ar\/index.php?rest_route=\/wp\/v2\/types\/post"}],"author":[{"embeddable":true,"href":"https:\/\/arroyitoonline.com.ar\/index.php?rest_route=\/wp\/v2\/users\/3"}],"replies":[{"embeddable":true,"href":"https:\/\/arroyitoonline.com.ar\/index.php?rest_route=%2Fwp%2Fv2%2Fcomments&post=7122"}],"version-history":[{"count":2,"href":"https:\/\/arroyitoonline.com.ar\/index.php?rest_route=\/wp\/v2\/posts\/7122\/revisions"}],"predecessor-version":[{"id":7125,"href":"https:\/\/arroyitoonline.com.ar\/index.php?rest_route=\/wp\/v2\/posts\/7122\/revisions\/7125"}],"wp:featuredmedia":[{"embeddable":true,"href":"https:\/\/arroyitoonline.com.ar\/index.php?rest_route=\/wp\/v2\/media\/7123"}],"wp:attachment":[{"href":"https:\/\/arroyitoonline.com.ar\/index.php?rest_route=%2Fwp%2Fv2%2Fmedia&parent=7122"}],"wp:term":[{"taxonomy":"category","embeddable":true,"href":"https:\/\/arroyitoonline.com.ar\/index.php?rest_route=%2Fwp%2Fv2%2Fcategories&post=7122"},{"taxonomy":"post_tag","embeddable":true,"href":"https:\/\/arroyitoonline.com.ar\/index.php?rest_route=%2Fwp%2Fv2%2Ftags&post=7122"}],"curies":[{"name":"wp","href":"https:\/\/api.w.org\/{rel}","templated":true}]}}