{"id":7143,"date":"2020-01-09T14:58:14","date_gmt":"2020-01-09T14:58:14","guid":{"rendered":"https:\/\/arroyitoonline.com.ar\/?p=7143"},"modified":"2020-01-09T14:58:15","modified_gmt":"2020-01-09T14:58:15","slug":"algunas-tasas-y-contribuciones-municipales-de-este-ano-se-pagaran-a-valores-de-2019","status":"publish","type":"post","link":"https:\/\/arroyitoonline.com.ar\/?p=7143","title":{"rendered":"Algunas tasas y contribuciones municipales de este a\u00f1o se pagar\u00e1n a valores de 2019"},"content":{"rendered":"\n<p><strong>La medida comprende la Tasa a la Propiedad, el servicio de Agua Corriente, la Libreta Sanitaria y el Carnet de Conducir. <\/strong><\/p>\n\n\n\n<p>Por medio de la Tarifaria 2020, tasas y contribuciones municipales que se paguen durante el corriente a\u00f1o, no recibir\u00e1n recargo alguno respecto al pasado 2019.<\/p>\n\n\n\n<p>La medida comprende la Tasa a la Propiedad, el servicio de Agua Corriente, la Libreta Sanitaria y el Carnet de Conducir.<\/p>\n\n\n\n<p>Todos aquellos vecinos que paguen en 2020, las citadas Tasas y Contribuciones, lo har\u00e1n a valores del a\u00f1o 2019. La medida entra en vigencia el 15 de enero pr\u00f3ximo, para que el sistema pueda computar los valores aprobados, y tendr\u00e1 vigencia hasta el 31 de diciembre de 2020.<br><\/p>\n\n\n\n<figure class=\"wp-block-image\"><img loading=\"lazy\" decoding=\"async\" width=\"1024\" height=\"1024\" src=\"https:\/\/arroyitoonline.com.ar\/wp-content\/uploads\/2020\/01\/Tasas_y_Contribuciones_a_Valores_2019-1024x1024.jpeg\" alt=\"\" class=\"wp-image-7145\" srcset=\"https:\/\/arroyitoonline.com.ar\/wp-content\/uploads\/2020\/01\/Tasas_y_Contribuciones_a_Valores_2019-1024x1024.jpeg 1024w, https:\/\/arroyitoonline.com.ar\/wp-content\/uploads\/2020\/01\/Tasas_y_Contribuciones_a_Valores_2019-150x150.jpeg 150w, https:\/\/arroyitoonline.com.ar\/wp-content\/uploads\/2020\/01\/Tasas_y_Contribuciones_a_Valores_2019-300x300.jpeg 300w, https:\/\/arroyitoonline.com.ar\/wp-content\/uploads\/2020\/01\/Tasas_y_Contribuciones_a_Valores_2019-768x768.jpeg 768w, https:\/\/arroyitoonline.com.ar\/wp-content\/uploads\/2020\/01\/Tasas_y_Contribuciones_a_Valores_2019.jpeg 1280w\" sizes=\"auto, (max-width: 1024px) 100vw, 1024px\" \/><figcaption><em>Si pag\u00e1s en 2020, lo hac\u00e9s a valores de 2019<\/em><\/figcaption><\/figure>\n\n\n\n<p>La Secretaria de Econom\u00eda y Finanzas, Cra. Karem Martorella, coment\u00f3 al respecto que <em>\u201cAdem\u00e1s, mantendremos el 15% de descuento por Pago en Cuota \u00fanica, el 5% de descuento por Pago Online mediante Red Link y Banelco y el 15% de descuento para el Buen Contribuyente. Por otra parte, se elimin\u00f3 el fondo de desag\u00fces pluviales\u201d<\/em>.<br><\/p>\n\n\n\n<p>En este sentido, el intendente Gustavo Benedetti cumpli\u00f3 la promesa de campa\u00f1a de que no aumentar\u00eda los importes de Tasas y Contribuciones. Posibilitando de esta manera el mejoramiento de la situaci\u00f3n econ\u00f3mica de los ciudadanos, teniendo en cuenta la grave crisis que atraviesa nuestro pa\u00eds.<br><\/p>\n\n\n\n<p><em>\u201cSomos los \u00fanicos en la provincia de C\u00f3rdoba que hemos planeado compensar los ingresos de la Municipalidad a trav\u00e9s de una reducci\u00f3n del gasto p\u00fablico corriente, sin afectar los bolsillos de los vecinos\u201d<\/em>, remarc\u00f3 Benedetti.<\/p>\n\n\n\n<p>Fuente: Prensa Municipal. <\/p>\n","protected":false},"excerpt":{"rendered":"<p>La medida comprende la Tasa a la Propiedad, el servicio de Agua Corriente, la Libreta Sanitaria y el Carnet de&hellip;<\/p>\n","protected":false},"author":3,"featured_media":7144,"comment_status":"closed","ping_status":"open","sticky":false,"template":"","format":"standard","meta":{"footnotes":""},"categories":[829],"tags":[66,67,836,115,968,434,868,555,556,572],"class_list":["post-7143","post","type-post","status-publish","format-standard","has-post-thumbnail","hentry","category-municipales-online","tag-arroyito","tag-arroyito-cordoba","tag-arroyito-online","tag-benedetti","tag-gustavo-benedetti","tag-impuesto","tag-municipales-online","tag-municipalidad","tag-municipalidad-de-arroyito","tag-noticias-de-arroyito-y-zona"],"_links":{"self":[{"href":"https:\/\/arroyitoonline.com.ar\/index.php?rest_route=\/wp\/v2\/posts\/7143","targetHints":{"allow":["GET"]}}],"collection":[{"href":"https:\/\/arroyitoonline.com.ar\/index.php?rest_route=\/wp\/v2\/posts"}],"about":[{"href":"https:\/\/arroyitoonline.com.ar\/index.php?rest_route=\/wp\/v2\/types\/post"}],"author":[{"embeddable":true,"href":"https:\/\/arroyitoonline.com.ar\/index.php?rest_route=\/wp\/v2\/users\/3"}],"replies":[{"embeddable":true,"href":"https:\/\/arroyitoonline.com.ar\/index.php?rest_route=%2Fwp%2Fv2%2Fcomments&post=7143"}],"version-history":[{"count":2,"href":"https:\/\/arroyitoonline.com.ar\/index.php?rest_route=\/wp\/v2\/posts\/7143\/revisions"}],"predecessor-version":[{"id":7147,"href":"https:\/\/arroyitoonline.com.ar\/index.php?rest_route=\/wp\/v2\/posts\/7143\/revisions\/7147"}],"wp:featuredmedia":[{"embeddable":true,"href":"https:\/\/arroyitoonline.com.ar\/index.php?rest_route=\/wp\/v2\/media\/7144"}],"wp:attachment":[{"href":"https:\/\/arroyitoonline.com.ar\/index.php?rest_route=%2Fwp%2Fv2%2Fmedia&parent=7143"}],"wp:term":[{"taxonomy":"category","embeddable":true,"href":"https:\/\/arroyitoonline.com.ar\/index.php?rest_route=%2Fwp%2Fv2%2Fcategories&post=7143"},{"taxonomy":"post_tag","embeddable":true,"href":"https:\/\/arroyitoonline.com.ar\/index.php?rest_route=%2Fwp%2Fv2%2Ftags&post=7143"}],"curies":[{"name":"wp","href":"https:\/\/api.w.org\/{rel}","templated":true}]}}