{"id":7171,"date":"2020-01-10T13:54:58","date_gmt":"2020-01-10T13:54:58","guid":{"rendered":"https:\/\/arroyitoonline.com.ar\/?p=7171"},"modified":"2020-01-10T13:55:00","modified_gmt":"2020-01-10T13:55:00","slug":"dulcor-stia-bloqueo-la-porteria-por-atraso-en-el-pago-de-la-quincena-y-la-obra-social","status":"publish","type":"post","link":"https:\/\/arroyitoonline.com.ar\/?p=7171","title":{"rendered":"Dulcor: STIA bloque\u00f3 la porter\u00eda, por atraso en el pago de la quincena y la obra social"},"content":{"rendered":"\n<p><strong>La medida fue tomada por el gremio de la Alimentaci\u00f3n, tras 48 horas de retraso en el dep\u00f3sito de los salarios y otras cargas sociales.<\/strong><\/p>\n\n\n\n<p>Luego de la pol\u00e9mica generada por la noticia de que <a href=\"https:\/\/arroyitoonline.com.ar\/noticias\/otra-industria-de-arroyito-en-crisis-dulcor-entro-en-cesacion-de-pagos\/\">Dulcor habr\u00eda entrado en cesaci\u00f3n de pagos<\/a> y <a href=\"https:\/\/okfmarroyito.com\/noticias\/jorge-riba-dulcor-no-esta-en-cesacion-de-pagos-no-se-va-a-presentar-en-concurso-no-esta-en-default\/?fbclid=IwAR1tlgpmDr6ULtq6c2LKm7eUVzlRY5bAnzi_kcpNa0rgEVx_68_4BStsuMI\">la desmentida por parte del gerente General de la compa\u00f1\u00eda<\/a>, Jorge Riba, en <strong>Ok FM 95.5<\/strong>; esta ma\u00f1ana, el Sindicato de Trabajadores de Industrias de la Alimentaci\u00f3n (STIA) Arroyito bloque\u00f3 la porter\u00eda de la planta local. <\/p>\n\n\n\n<p>En este marco, el secretario\nGremial Guillermo Farnochi dijo a <strong>FM Top\n99.9<\/strong> que los 300 trabajadores de Dulcor sufren, por primera vez en los\n\u00faltimos tiempos, 48 horas de atraso en el pago de la quincena, la obra social y\nvacaciones, entre otras cargas sociales. Esta situaci\u00f3n alcanza tambi\u00e9n a las\ncuotas alimentarias, que no est\u00e1n depositadas. <\/p>\n\n\n\n<p><em>\u201cTuvimos audiencias por los aguinaldos y se comprometieron a regularizar el pago de las obras sociales, pero est\u00e1n recortando prestaciones y rebotando atenciones\u201d<\/em>, remarc\u00f3 Farnochi e indic\u00f3 que <em>\u201cDulcor desmiente que est\u00e9 relacionado con la cesaci\u00f3n de pagos, dicen que no es nada preocupante, pero en los hechos es otra cosa, se est\u00e1n atrasando. Presionamos para que se cumpla y no han podido\u201d<\/em>. <\/p>\n\n\n\n<p>Adem\u00e1s, el gremialista inform\u00f3 que, hasta que no aparezca la liquidaci\u00f3n, no terminar\u00e1n con el bloqueo de porter\u00eda, donde est\u00e1n cortados ingreso y egreso de camiones, desde las 5:00 de hoy.<\/p>\n\n\n\n<p>Hasta el momento, referentes del sindicato mantuvieron asambleas con los empleados que salieron a las 22:00 de ayer y con aquellos trabajadores que ingresaron a las 6:00 de hoy. Mientras que har\u00e1n lo propio con quienes entren a las 14:00.<\/p>\n\n\n\n<p>Por ahora, todos los obreros cumplen tareas con normalidad. <em>\u201cEstamos fuertes como sindicato, pero la gente tiene mucho malestar, no est\u00e1 f\u00e1cil vivir esta situaci\u00f3n en la que ha quedado el pa\u00eds, m\u00e1s las tasas de intereses que hay para alquileres, compra de medicamentos y comida\u201d<\/em>, asever\u00f3 Farnochi y agreg\u00f3 que <em>\u201cA nosotros nos sorprendi\u00f3, porque en la parte productiva, Dulcor fue la que menos golpeada estuvo, nunca cort\u00f3 la producci\u00f3n en la magnitud en la que lo hicieron otras. Nunca nos blanquearon una situaci\u00f3n as\u00ed de c\u00f3mo estaba la empresa\u201d<\/em>.  <\/p>\n","protected":false},"excerpt":{"rendered":"<p>La medida fue tomada por el gremio de la Alimentaci\u00f3n, tras 48 horas de retraso en el dep\u00f3sito de los&hellip;<\/p>\n","protected":false},"author":3,"featured_media":7172,"comment_status":"closed","ping_status":"open","sticky":false,"template":"","format":"standard","meta":{"footnotes":""},"categories":[926],"tags":[66,67,836,855,306,572,704,927,735,736],"class_list":["post-7171","post","type-post","status-publish","format-standard","has-post-thumbnail","hentry","category-sindicales","tag-arroyito","tag-arroyito-cordoba","tag-arroyito-online","tag-crisis","tag-dulcor","tag-noticias-de-arroyito-y-zona","tag-salarios","tag-sindicales-online","tag-sindicato","tag-sindicatos"],"_links":{"self":[{"href":"https:\/\/arroyitoonline.com.ar\/index.php?rest_route=\/wp\/v2\/posts\/7171","targetHints":{"allow":["GET"]}}],"collection":[{"href":"https:\/\/arroyitoonline.com.ar\/index.php?rest_route=\/wp\/v2\/posts"}],"about":[{"href":"https:\/\/arroyitoonline.com.ar\/index.php?rest_route=\/wp\/v2\/types\/post"}],"author":[{"embeddable":true,"href":"https:\/\/arroyitoonline.com.ar\/index.php?rest_route=\/wp\/v2\/users\/3"}],"replies":[{"embeddable":true,"href":"https:\/\/arroyitoonline.com.ar\/index.php?rest_route=%2Fwp%2Fv2%2Fcomments&post=7171"}],"version-history":[{"count":1,"href":"https:\/\/arroyitoonline.com.ar\/index.php?rest_route=\/wp\/v2\/posts\/7171\/revisions"}],"predecessor-version":[{"id":7173,"href":"https:\/\/arroyitoonline.com.ar\/index.php?rest_route=\/wp\/v2\/posts\/7171\/revisions\/7173"}],"wp:featuredmedia":[{"embeddable":true,"href":"https:\/\/arroyitoonline.com.ar\/index.php?rest_route=\/wp\/v2\/media\/7172"}],"wp:attachment":[{"href":"https:\/\/arroyitoonline.com.ar\/index.php?rest_route=%2Fwp%2Fv2%2Fmedia&parent=7171"}],"wp:term":[{"taxonomy":"category","embeddable":true,"href":"https:\/\/arroyitoonline.com.ar\/index.php?rest_route=%2Fwp%2Fv2%2Fcategories&post=7171"},{"taxonomy":"post_tag","embeddable":true,"href":"https:\/\/arroyitoonline.com.ar\/index.php?rest_route=%2Fwp%2Fv2%2Ftags&post=7171"}],"curies":[{"name":"wp","href":"https:\/\/api.w.org\/{rel}","templated":true}]}}