{"id":7185,"date":"2020-01-11T01:39:43","date_gmt":"2020-01-11T01:39:43","guid":{"rendered":"https:\/\/arroyitoonline.com.ar\/?p=7185"},"modified":"2020-01-11T01:39:44","modified_gmt":"2020-01-11T01:39:44","slug":"se-viene-la-jornada-de-hidratacion","status":"publish","type":"post","link":"https:\/\/arroyitoonline.com.ar\/?p=7185","title":{"rendered":"Se viene la Jornada de Hidrataci\u00f3n"},"content":{"rendered":"\n<p><strong>Se realizar\u00e1 en simult\u00e1neo en el Hospital Municipal Carlos J. Rodr\u00edguez y la Plaza 25 de Mayo. <\/strong><\/p>\n\n\n\n<p>Desde la Direcci\u00f3n M\u00e9dica, a cargo de Melina Gallo, y Administrativa, en manos de Carlos Silva, del Hospital Municipal Carlos J. Rodr\u00edguez, se desarrollar\u00e1 una jornada de concientizaci\u00f3n sobre la hidrataci\u00f3n en verano y contra los golpes de calor.<\/p>\n\n\n\n<figure class=\"wp-block-image\"><img loading=\"lazy\" decoding=\"async\" width=\"820\" height=\"820\" src=\"https:\/\/arroyitoonline.com.ar\/wp-content\/uploads\/2020\/01\/Campa\u00f1a_de_hidrataci\u00f3n.jpeg\" alt=\"\" class=\"wp-image-7186\" srcset=\"https:\/\/arroyitoonline.com.ar\/wp-content\/uploads\/2020\/01\/Campa\u00f1a_de_hidrataci\u00f3n.jpeg 820w, https:\/\/arroyitoonline.com.ar\/wp-content\/uploads\/2020\/01\/Campa\u00f1a_de_hidrataci\u00f3n-150x150.jpeg 150w, https:\/\/arroyitoonline.com.ar\/wp-content\/uploads\/2020\/01\/Campa\u00f1a_de_hidrataci\u00f3n-300x300.jpeg 300w, https:\/\/arroyitoonline.com.ar\/wp-content\/uploads\/2020\/01\/Campa\u00f1a_de_hidrataci\u00f3n-768x768.jpeg 768w\" sizes=\"auto, (max-width: 820px) 100vw, 820px\" \/><figcaption><em>Se viene la Jornada de Hidrataci\u00f3n del Hospital Municipal Carlos J. Rodr\u00edguez<\/em><\/figcaption><\/figure>\n\n\n\n<p>El evento se realizar\u00e1 en simult\u00e1neo en dos escenarios: el nosocomio local y la Plaza 25 de Mayo, este mi\u00e9rcoles 15 de enero, de 10:00 a 13:00 horas, bajo la premisa \u00bfCu\u00e1ntos vasos de agua tomaste hoy? #eleg\u00edprevenir. <\/p>\n\n\n\n<p>Fuente: Prensa Municipal.<\/p>\n\n\n\n<p>Foto solo a modo ilustrativo.<\/p>\n","protected":false},"excerpt":{"rendered":"<p>Se realizar\u00e1 en simult\u00e1neo en el Hospital Municipal Carlos J. Rodr\u00edguez y la Plaza 25 de Mayo. Desde la Direcci\u00f3n&hellip;<\/p>\n","protected":false},"author":3,"featured_media":7187,"comment_status":"closed","ping_status":"open","sticky":false,"template":"","format":"standard","meta":{"footnotes":""},"categories":[9],"tags":[66,67,836,426,555,556,572,583,628,706],"class_list":["post-7185","post","type-post","status-publish","format-standard","has-post-thumbnail","hentry","category-infosalud","tag-arroyito","tag-arroyito-cordoba","tag-arroyito-online","tag-hospital","tag-municipalidad","tag-municipalidad-de-arroyito","tag-noticias-de-arroyito-y-zona","tag-ola-de-calor","tag-plaza-25-de-mayo","tag-salud"],"_links":{"self":[{"href":"https:\/\/arroyitoonline.com.ar\/index.php?rest_route=\/wp\/v2\/posts\/7185","targetHints":{"allow":["GET"]}}],"collection":[{"href":"https:\/\/arroyitoonline.com.ar\/index.php?rest_route=\/wp\/v2\/posts"}],"about":[{"href":"https:\/\/arroyitoonline.com.ar\/index.php?rest_route=\/wp\/v2\/types\/post"}],"author":[{"embeddable":true,"href":"https:\/\/arroyitoonline.com.ar\/index.php?rest_route=\/wp\/v2\/users\/3"}],"replies":[{"embeddable":true,"href":"https:\/\/arroyitoonline.com.ar\/index.php?rest_route=%2Fwp%2Fv2%2Fcomments&post=7185"}],"version-history":[{"count":1,"href":"https:\/\/arroyitoonline.com.ar\/index.php?rest_route=\/wp\/v2\/posts\/7185\/revisions"}],"predecessor-version":[{"id":7188,"href":"https:\/\/arroyitoonline.com.ar\/index.php?rest_route=\/wp\/v2\/posts\/7185\/revisions\/7188"}],"wp:featuredmedia":[{"embeddable":true,"href":"https:\/\/arroyitoonline.com.ar\/index.php?rest_route=\/wp\/v2\/media\/7187"}],"wp:attachment":[{"href":"https:\/\/arroyitoonline.com.ar\/index.php?rest_route=%2Fwp%2Fv2%2Fmedia&parent=7185"}],"wp:term":[{"taxonomy":"category","embeddable":true,"href":"https:\/\/arroyitoonline.com.ar\/index.php?rest_route=%2Fwp%2Fv2%2Fcategories&post=7185"},{"taxonomy":"post_tag","embeddable":true,"href":"https:\/\/arroyitoonline.com.ar\/index.php?rest_route=%2Fwp%2Fv2%2Ftags&post=7185"}],"curies":[{"name":"wp","href":"https:\/\/api.w.org\/{rel}","templated":true}]}}