{"id":7210,"date":"2020-01-13T14:19:37","date_gmt":"2020-01-13T14:19:37","guid":{"rendered":"https:\/\/arroyitoonline.com.ar\/?p=7210"},"modified":"2020-01-13T14:19:39","modified_gmt":"2020-01-13T14:19:39","slug":"dos-menores-de-edad-andaban-en-una-moto-sin-dominio-espejos-ni-cascos","status":"publish","type":"post","link":"https:\/\/arroyitoonline.com.ar\/?p=7210","title":{"rendered":"Dos menores de edad andaban en una moto sin dominio, espejos ni cascos"},"content":{"rendered":"\n<p><strong>La Polic\u00eda les solicit\u00f3 que detuvieran su marcha, pero el conductor hizo caso omiso a la orden. Asimismo, los uniformados les dieron alcance.<\/strong><\/p>\n\n\n\n<p>Ayer a las 17:30 horas, mientras personal policial se encontraba patrullando en direcci\u00f3n de oeste a este sobre Av. Per\u00f3n \u2013zona del Balneario-, observ\u00f3 una moto Honda Biz 125 cc, que circulaba por la misma calle y sentido, sin dominio visible, sin espejos retrovisores y cuyos dos ocupantes, de distintos sexos, carec\u00edan de cascos de seguridad.<\/p>\n\n\n\n<p>Al solicitarles que detuvieran su marcha, el conductor aceler\u00f3 haciendo caso omiso a la orden, logrando los uniformados darle alcance al motovehiculo en la intersecci\u00f3n de la calle Roque S\u00e1enz Pe\u00f1a con la Av. Marcial Vaudagna. A continuaci\u00f3n, los j\u00f3venes fueron identificados: ambos son menores de 17 a\u00f1os domiciliados en Arroyito. <\/p>\n\n\n\n<p>La Polic\u00eda hizo entrega del procedimiento en la Unidad Judicial local, con conocimiento e intervenci\u00f3n de la Fiscal\u00eda de Feria de la ciudad de San Francisco. <\/p>\n\n\n\n<p>Fuente: informe del comisario Inspector Pablo Berardo, jefe de Zona de Inspecci\u00f3n N\u00b0 4. <\/p>\n","protected":false},"excerpt":{"rendered":"<p>La Polic\u00eda les solicit\u00f3 que detuvieran su marcha, pero el conductor hizo caso omiso a la orden. Asimismo, los uniformados&hellip;<\/p>\n","protected":false},"author":3,"featured_media":3993,"comment_status":"closed","ping_status":"open","sticky":false,"template":"","format":"standard","meta":{"footnotes":""},"categories":[824],"tags":[66,67,836,95,471,547,572,635,637,638,825],"class_list":["post-7210","post","type-post","status-publish","format-standard","has-post-thumbnail","hentry","category-policiales-online","tag-arroyito","tag-arroyito-cordoba","tag-arroyito-online","tag-balneario","tag-jovenes","tag-motos","tag-noticias-de-arroyito-y-zona","tag-policia","tag-policiales","tag-policiales-arroyito","tag-policiales-online"],"_links":{"self":[{"href":"https:\/\/arroyitoonline.com.ar\/index.php?rest_route=\/wp\/v2\/posts\/7210","targetHints":{"allow":["GET"]}}],"collection":[{"href":"https:\/\/arroyitoonline.com.ar\/index.php?rest_route=\/wp\/v2\/posts"}],"about":[{"href":"https:\/\/arroyitoonline.com.ar\/index.php?rest_route=\/wp\/v2\/types\/post"}],"author":[{"embeddable":true,"href":"https:\/\/arroyitoonline.com.ar\/index.php?rest_route=\/wp\/v2\/users\/3"}],"replies":[{"embeddable":true,"href":"https:\/\/arroyitoonline.com.ar\/index.php?rest_route=%2Fwp%2Fv2%2Fcomments&post=7210"}],"version-history":[{"count":1,"href":"https:\/\/arroyitoonline.com.ar\/index.php?rest_route=\/wp\/v2\/posts\/7210\/revisions"}],"predecessor-version":[{"id":7211,"href":"https:\/\/arroyitoonline.com.ar\/index.php?rest_route=\/wp\/v2\/posts\/7210\/revisions\/7211"}],"wp:featuredmedia":[{"embeddable":true,"href":"https:\/\/arroyitoonline.com.ar\/index.php?rest_route=\/wp\/v2\/media\/3993"}],"wp:attachment":[{"href":"https:\/\/arroyitoonline.com.ar\/index.php?rest_route=%2Fwp%2Fv2%2Fmedia&parent=7210"}],"wp:term":[{"taxonomy":"category","embeddable":true,"href":"https:\/\/arroyitoonline.com.ar\/index.php?rest_route=%2Fwp%2Fv2%2Fcategories&post=7210"},{"taxonomy":"post_tag","embeddable":true,"href":"https:\/\/arroyitoonline.com.ar\/index.php?rest_route=%2Fwp%2Fv2%2Ftags&post=7210"}],"curies":[{"name":"wp","href":"https:\/\/api.w.org\/{rel}","templated":true}]}}