{"id":7219,"date":"2020-01-15T11:32:54","date_gmt":"2020-01-15T11:32:54","guid":{"rendered":"https:\/\/arroyitoonline.com.ar\/?p=7219"},"modified":"2020-01-15T11:33:00","modified_gmt":"2020-01-15T11:33:00","slug":"tumbo-un-auto-en-dalle-mura-y-alfonsin","status":"publish","type":"post","link":"https:\/\/arroyitoonline.com.ar\/?p=7219","title":{"rendered":"Tumb\u00f3 un auto en Dalle Mura y Alfons\u00edn"},"content":{"rendered":"\n<p><strong>El \u00fanico ocupante del veh\u00edculo era el conductor, quien fue trasladado al hospital municipal. <\/strong><\/p>\n\n\n\n<p>En la madrugada de ayer, a las 2:20 AM, se produjo un accidente vehicular en la intersecci\u00f3n de las avenidas Dalle Mura y Alfons\u00edn. <\/p>\n\n\n\n<p>All\u00ed, un auto tumb\u00f3 sobre el lateral del conductor, que era el \u00fanico ocupante del veh\u00edculo, y fue trasladado al hospital municipal. <\/p>\n\n\n\n<figure><iframe loading=\"lazy\" src=\"https:\/\/www.facebook.com\/plugins\/post.php?href=https%3A%2F%2Fwww.facebook.com%2Fbomberosarroyito%2Fposts%2F2649750618454095&amp;width=500\" width=\"500\" height=\"783\"><\/iframe><\/figure>\n\n\n\n<p>Trabaj\u00f3 en el sector, una dotaci\u00f3n de Bomberos Voluntarios al mando de Alejandro Ramallo, en colaboraci\u00f3n con la Polic\u00eda local, que cort\u00f3 los suministros del auto y liber\u00f3 la calzada. <\/p>\n\n\n\n<p>Fuente: Facebook Asociaci\u00f3n\nBomberos Voluntarios Arroyito. <\/p>\n","protected":false},"excerpt":{"rendered":"<p>El \u00fanico ocupante del veh\u00edculo era el conductor, quien fue trasladado al hospital municipal. En la madrugada de ayer, a&hellip;<\/p>\n","protected":false},"author":3,"featured_media":7221,"comment_status":"closed","ping_status":"open","sticky":false,"template":"","format":"standard","meta":{"footnotes":""},"categories":[824],"tags":[22,66,67,836,127,128,129,572,635,637,638,825],"class_list":["post-7219","post","type-post","status-publish","format-standard","has-post-thumbnail","hentry","category-policiales-online","tag-accidente","tag-arroyito","tag-arroyito-cordoba","tag-arroyito-online","tag-bomberos-arroyito","tag-bomberos-de-arroyito","tag-bomberos-voluntarios","tag-noticias-de-arroyito-y-zona","tag-policia","tag-policiales","tag-policiales-arroyito","tag-policiales-online"],"_links":{"self":[{"href":"https:\/\/arroyitoonline.com.ar\/index.php?rest_route=\/wp\/v2\/posts\/7219","targetHints":{"allow":["GET"]}}],"collection":[{"href":"https:\/\/arroyitoonline.com.ar\/index.php?rest_route=\/wp\/v2\/posts"}],"about":[{"href":"https:\/\/arroyitoonline.com.ar\/index.php?rest_route=\/wp\/v2\/types\/post"}],"author":[{"embeddable":true,"href":"https:\/\/arroyitoonline.com.ar\/index.php?rest_route=\/wp\/v2\/users\/3"}],"replies":[{"embeddable":true,"href":"https:\/\/arroyitoonline.com.ar\/index.php?rest_route=%2Fwp%2Fv2%2Fcomments&post=7219"}],"version-history":[{"count":1,"href":"https:\/\/arroyitoonline.com.ar\/index.php?rest_route=\/wp\/v2\/posts\/7219\/revisions"}],"predecessor-version":[{"id":7220,"href":"https:\/\/arroyitoonline.com.ar\/index.php?rest_route=\/wp\/v2\/posts\/7219\/revisions\/7220"}],"wp:featuredmedia":[{"embeddable":true,"href":"https:\/\/arroyitoonline.com.ar\/index.php?rest_route=\/wp\/v2\/media\/7221"}],"wp:attachment":[{"href":"https:\/\/arroyitoonline.com.ar\/index.php?rest_route=%2Fwp%2Fv2%2Fmedia&parent=7219"}],"wp:term":[{"taxonomy":"category","embeddable":true,"href":"https:\/\/arroyitoonline.com.ar\/index.php?rest_route=%2Fwp%2Fv2%2Fcategories&post=7219"},{"taxonomy":"post_tag","embeddable":true,"href":"https:\/\/arroyitoonline.com.ar\/index.php?rest_route=%2Fwp%2Fv2%2Ftags&post=7219"}],"curies":[{"name":"wp","href":"https:\/\/api.w.org\/{rel}","templated":true}]}}