{"id":7222,"date":"2020-01-15T12:21:18","date_gmt":"2020-01-15T12:21:18","guid":{"rendered":"https:\/\/arroyitoonline.com.ar\/?p=7222"},"modified":"2020-01-15T12:23:30","modified_gmt":"2020-01-15T12:23:30","slug":"arroyito-estuvo-12-horas-sin-internet-y-los-usuarios-festejaron-su-regreso","status":"publish","type":"post","link":"https:\/\/arroyitoonline.com.ar\/?p=7222","title":{"rendered":"Arroyito estuvo 12 horas sin internet y los usuarios festejaron su regreso"},"content":{"rendered":"\n<p><strong>Sin el servicio desde las 19:20 de ayer y las 7:30 horas de hoy, los internautas celebraron tanto su vuelta, como la llegada del viento sur. <\/strong><\/p>\n\n\n\n<p>Ayer, alrededor de las 19:20 horas, en plena ola de calor y con una sensaci\u00f3n t\u00e9rmica insoportable, casi toda nuestra ciudad se qued\u00f3 sin el servicio de internet provisto por Cescom. <\/p>\n\n\n\n<figure class=\"wp-block-image\"><img loading=\"lazy\" decoding=\"async\" width=\"1024\" height=\"573\" src=\"https:\/\/arroyitoonline.com.ar\/wp-content\/uploads\/2020\/01\/internet-1024x573.jpg\" alt=\"\" class=\"wp-image-7225\" srcset=\"https:\/\/arroyitoonline.com.ar\/wp-content\/uploads\/2020\/01\/internet-1024x573.jpg 1024w, https:\/\/arroyitoonline.com.ar\/wp-content\/uploads\/2020\/01\/internet-300x168.jpg 300w, https:\/\/arroyitoonline.com.ar\/wp-content\/uploads\/2020\/01\/internet-768x430.jpg 768w, https:\/\/arroyitoonline.com.ar\/wp-content\/uploads\/2020\/01\/internet.jpg 1366w\" sizes=\"auto, (max-width: 1024px) 100vw, 1024px\" \/><figcaption><em>La alusi\u00f3n al corte del servicio, con una imagen del cuadro El Grito de Edvard Munch<\/em><\/figcaption><\/figure>\n\n\n\n<p>A esa hora lleg\u00f3 el primer comunicado del \u00e1rea de Telecomunicaciones de la Cooperativa de Electricidad y Servicios P\u00fablicos de Arroyito Limitada. En ese texto pod\u00eda leerse que<em> &#8220;hay un corte de energ\u00eda en el cabezal, que afecta los servicios del \u00e1rea. Se est\u00e1 trabajando para solucionarlo a la brevedad&#8221;<\/em>. <\/p>\n\n\n\n<figure class=\"wp-block-image\"><img loading=\"lazy\" decoding=\"async\" width=\"1024\" height=\"983\" src=\"https:\/\/arroyitoonline.com.ar\/wp-content\/uploads\/2020\/01\/Sin-Internet-1024x983.jpg\" alt=\"\" class=\"wp-image-7224\" srcset=\"https:\/\/arroyitoonline.com.ar\/wp-content\/uploads\/2020\/01\/Sin-Internet-1024x983.jpg 1024w, https:\/\/arroyitoonline.com.ar\/wp-content\/uploads\/2020\/01\/Sin-Internet-300x288.jpg 300w, https:\/\/arroyitoonline.com.ar\/wp-content\/uploads\/2020\/01\/Sin-Internet-768x737.jpg 768w, https:\/\/arroyitoonline.com.ar\/wp-content\/uploads\/2020\/01\/Sin-Internet.jpg 2048w\" sizes=\"auto, (max-width: 1024px) 100vw, 1024px\" \/><figcaption><em>Uno de los memes compartidos por los usuarios<\/em><\/figcaption><\/figure>\n\n\n\n<p>Los minutos pasaron y los usuarios compartieron, en redes sociales, su malestar, tanto por la ausencia de internet, como por las elevadas temperatura y humedad, que se mantuvieron a lo largo de toda la noche. <\/p>\n\n\n\n<p>Esta ma\u00f1ana, a las 7:30 horas, lleg\u00f3 la buena nueva. Luego de trabajar toda la madrugada, el \u00e1rea de Telecomunicaciones de Cespal restableci\u00f3 el servicio de internet. <em>&#8220;Debido a las altas temperatura se vio comprometido el sistema de refrigeraci\u00f3n de un equipo, que deriv\u00f3 en el corte, lo que da\u00f1\u00f3 su configuraci\u00f3n e hizo que el regreso al estado inicial del equipo sea completo&#8221;<\/em>, informaron. <\/p>\n\n\n\n<figure class=\"wp-block-image\"><img loading=\"lazy\" decoding=\"async\" width=\"960\" height=\"960\" src=\"https:\/\/arroyitoonline.com.ar\/wp-content\/uploads\/2020\/01\/internet-vuelve-despu\u00e9s-del-corte.jpg\" alt=\"\" class=\"wp-image-7226\" srcset=\"https:\/\/arroyitoonline.com.ar\/wp-content\/uploads\/2020\/01\/internet-vuelve-despu\u00e9s-del-corte.jpg 960w, https:\/\/arroyitoonline.com.ar\/wp-content\/uploads\/2020\/01\/internet-vuelve-despu\u00e9s-del-corte-150x150.jpg 150w, https:\/\/arroyitoonline.com.ar\/wp-content\/uploads\/2020\/01\/internet-vuelve-despu\u00e9s-del-corte-300x300.jpg 300w, https:\/\/arroyitoonline.com.ar\/wp-content\/uploads\/2020\/01\/internet-vuelve-despu\u00e9s-del-corte-768x768.jpg 768w\" sizes=\"auto, (max-width: 960px) 100vw, 960px\" \/><figcaption><em>El comunicado de Cespal<\/em><\/figcaption><\/figure>\n\n\n\n<p>Casi en simult\u00e1neo, tambi\u00e9n lleg\u00f3 el cambio de tiempo, con el viento sur y la lluvia, que trajo alivio a toda la localidad. Los dos acontecimientos fueron celebrados por los internautas, como el gol de Maradona a los ingleses. <\/p>\n","protected":false},"excerpt":{"rendered":"<p>Sin el servicio desde las 19:20 de ayer y las 7:30 horas de hoy, los internautas celebraron tanto su vuelta,&hellip;<\/p>\n","protected":false},"author":3,"featured_media":7223,"comment_status":"closed","ping_status":"open","sticky":false,"template":"","format":"standard","meta":{"footnotes":""},"categories":[835,879],"tags":[66,67,836,183,240,457,572,731,732],"class_list":["post-7222","post","type-post","status-publish","format-standard","has-post-thumbnail","hentry","category-info-online","category-servicios-publicos","tag-arroyito","tag-arroyito-cordoba","tag-arroyito-online","tag-cespal","tag-cooperativa","tag-internet","tag-noticias-de-arroyito-y-zona","tag-servicios","tag-servicios-publicos"],"_links":{"self":[{"href":"https:\/\/arroyitoonline.com.ar\/index.php?rest_route=\/wp\/v2\/posts\/7222","targetHints":{"allow":["GET"]}}],"collection":[{"href":"https:\/\/arroyitoonline.com.ar\/index.php?rest_route=\/wp\/v2\/posts"}],"about":[{"href":"https:\/\/arroyitoonline.com.ar\/index.php?rest_route=\/wp\/v2\/types\/post"}],"author":[{"embeddable":true,"href":"https:\/\/arroyitoonline.com.ar\/index.php?rest_route=\/wp\/v2\/users\/3"}],"replies":[{"embeddable":true,"href":"https:\/\/arroyitoonline.com.ar\/index.php?rest_route=%2Fwp%2Fv2%2Fcomments&post=7222"}],"version-history":[{"count":1,"href":"https:\/\/arroyitoonline.com.ar\/index.php?rest_route=\/wp\/v2\/posts\/7222\/revisions"}],"predecessor-version":[{"id":7227,"href":"https:\/\/arroyitoonline.com.ar\/index.php?rest_route=\/wp\/v2\/posts\/7222\/revisions\/7227"}],"wp:featuredmedia":[{"embeddable":true,"href":"https:\/\/arroyitoonline.com.ar\/index.php?rest_route=\/wp\/v2\/media\/7223"}],"wp:attachment":[{"href":"https:\/\/arroyitoonline.com.ar\/index.php?rest_route=%2Fwp%2Fv2%2Fmedia&parent=7222"}],"wp:term":[{"taxonomy":"category","embeddable":true,"href":"https:\/\/arroyitoonline.com.ar\/index.php?rest_route=%2Fwp%2Fv2%2Fcategories&post=7222"},{"taxonomy":"post_tag","embeddable":true,"href":"https:\/\/arroyitoonline.com.ar\/index.php?rest_route=%2Fwp%2Fv2%2Ftags&post=7222"}],"curies":[{"name":"wp","href":"https:\/\/api.w.org\/{rel}","templated":true}]}}