{"id":7229,"date":"2020-01-15T14:19:20","date_gmt":"2020-01-15T14:19:20","guid":{"rendered":"https:\/\/arroyitoonline.com.ar\/?p=7229"},"modified":"2020-01-15T14:19:28","modified_gmt":"2020-01-15T14:19:28","slug":"escuela-de-verano-salio-por-primera-vez-el-transporte-gratuito-que-une-el-fuertecito-con-arroyito","status":"publish","type":"post","link":"https:\/\/arroyitoonline.com.ar\/?p=7229","title":{"rendered":"Escuela de Verano: sali\u00f3, por primera vez, el transporte gratuito que une El Fuertecito con Arroyito"},"content":{"rendered":"\n<p><strong>Parti\u00f3 desde el Centro de Salud Santa Teresita en el vecino paraje trasladando a los ni\u00f1os que realizan la actividad l\u00fadica con iniciaci\u00f3n a la nataci\u00f3n. Estuvo\u00a0presente\u00a0el\u00a0intendente\u00a0Benedetti.<\/strong><\/p>\n\n\n\n<p>Desde el Centro de Salud Santa Teresita de El Fuertecito, inaugurado como posta sanitaria en la anterior gesti\u00f3n del actual intendente, Gustavo Benedetti, y con su presencia en el lugar, comenz\u00f3 el recorrido del transporte que une el vecino paraje y Arroyito, para la asistencia de los chicos del lugar a la Escuela de Verano.<\/p>\n\n\n\n<figure class=\"wp-block-image\"><img loading=\"lazy\" decoding=\"async\" width=\"1024\" height=\"680\" src=\"https:\/\/arroyitoonline.com.ar\/wp-content\/uploads\/2020\/01\/Transporte_El_Fuertecito-1024x680.jpeg\" alt=\"\" class=\"wp-image-7231\" srcset=\"https:\/\/arroyitoonline.com.ar\/wp-content\/uploads\/2020\/01\/Transporte_El_Fuertecito-1024x680.jpeg 1024w, https:\/\/arroyitoonline.com.ar\/wp-content\/uploads\/2020\/01\/Transporte_El_Fuertecito-300x199.jpeg 300w, https:\/\/arroyitoonline.com.ar\/wp-content\/uploads\/2020\/01\/Transporte_El_Fuertecito-768x510.jpeg 768w, https:\/\/arroyitoonline.com.ar\/wp-content\/uploads\/2020\/01\/Transporte_El_Fuertecito.jpeg 1280w\" sizes=\"auto, (max-width: 1024px) 100vw, 1024px\" \/><figcaption><em>Los chicos del paraje El Fuertecito con la directora de Deportes, Alejandra Parrucci<\/em><\/figcaption><\/figure>\n\n\n\n<p>El transporte traslada a los m\u00e1s peque\u00f1os, durante el receso vacacional, hasta nuestra ciudad, para que participen de esta actividad recreativa. <\/p>\n\n\n\n<p>Se trata de una medida articulada en conjunto, por el primer mandatario, la direcci\u00f3n de Deportes, a cargo de Alejandra Parrucci, y el responsable de El Fuertecito, Rub\u00e9n Oscar Moreira. Cabe destacar que La Curva cuenta tambi\u00e9n con este transporte gratuito e iniciar\u00e1 sus recorridos hoy mi\u00e9rcoles 15 de enero.<\/p>\n\n\n\n<p><em>\u201cLa igualdad de oportunidades y la accesibilidad es lo m\u00e1s importante para esta gesti\u00f3n, un trabajo que se hace desde afuera hacia el centro, a partir de las necesidades de la gente\u201d<\/em>, dijo Benedetti, durante el encuentro.\u00a0<\/p>\n\n\n\n<p>La Escuela de Verano, que consta de actividades l\u00fadicas recreativas e iniciaci\u00f3n a la nataci\u00f3n, se desarrolla en las piletas de los clubes Sportivo 24 de Septiembre y Deportivo y Cultural de Arroyito.\u00a0<\/p>\n\n\n\n<p>Este a\u00f1o imparte clases cuatro veces a la semana, duplicando de esta forma el tiempo en la Escuela, con respecto al verano pasado. No solo se han incorporado, mediante el transporte, los vecinos de El Fuertecito y La Curva, sino tambi\u00e9n la posibilidad de acceso a la actividad, de chicos con discapacidad.<\/p>\n\n\n\n<p>Fuente: Prensa Municipal. <\/p>\n","protected":false},"excerpt":{"rendered":"<p>Parti\u00f3 desde el Centro de Salud Santa Teresita en el vecino paraje trasladando a los ni\u00f1os que realizan la actividad&hellip;<\/p>\n","protected":false},"author":3,"featured_media":7230,"comment_status":"closed","ping_status":"open","sticky":false,"template":"","format":"standard","meta":{"footnotes":""},"categories":[3],"tags":[66,67,836,115,276,277,343,968,555,556,566,572],"class_list":["post-7229","post","type-post","status-publish","format-standard","has-post-thumbnail","hentry","category-infodeporte","tag-arroyito","tag-arroyito-cordoba","tag-arroyito-online","tag-benedetti","tag-deporte","tag-deportes","tag-escuela-de-verano","tag-gustavo-benedetti","tag-municipalidad","tag-municipalidad-de-arroyito","tag-natacion","tag-noticias-de-arroyito-y-zona"],"_links":{"self":[{"href":"https:\/\/arroyitoonline.com.ar\/index.php?rest_route=\/wp\/v2\/posts\/7229","targetHints":{"allow":["GET"]}}],"collection":[{"href":"https:\/\/arroyitoonline.com.ar\/index.php?rest_route=\/wp\/v2\/posts"}],"about":[{"href":"https:\/\/arroyitoonline.com.ar\/index.php?rest_route=\/wp\/v2\/types\/post"}],"author":[{"embeddable":true,"href":"https:\/\/arroyitoonline.com.ar\/index.php?rest_route=\/wp\/v2\/users\/3"}],"replies":[{"embeddable":true,"href":"https:\/\/arroyitoonline.com.ar\/index.php?rest_route=%2Fwp%2Fv2%2Fcomments&post=7229"}],"version-history":[{"count":1,"href":"https:\/\/arroyitoonline.com.ar\/index.php?rest_route=\/wp\/v2\/posts\/7229\/revisions"}],"predecessor-version":[{"id":7232,"href":"https:\/\/arroyitoonline.com.ar\/index.php?rest_route=\/wp\/v2\/posts\/7229\/revisions\/7232"}],"wp:featuredmedia":[{"embeddable":true,"href":"https:\/\/arroyitoonline.com.ar\/index.php?rest_route=\/wp\/v2\/media\/7230"}],"wp:attachment":[{"href":"https:\/\/arroyitoonline.com.ar\/index.php?rest_route=%2Fwp%2Fv2%2Fmedia&parent=7229"}],"wp:term":[{"taxonomy":"category","embeddable":true,"href":"https:\/\/arroyitoonline.com.ar\/index.php?rest_route=%2Fwp%2Fv2%2Fcategories&post=7229"},{"taxonomy":"post_tag","embeddable":true,"href":"https:\/\/arroyitoonline.com.ar\/index.php?rest_route=%2Fwp%2Fv2%2Ftags&post=7229"}],"curies":[{"name":"wp","href":"https:\/\/api.w.org\/{rel}","templated":true}]}}