{"id":7233,"date":"2020-01-16T01:34:21","date_gmt":"2020-01-16T01:34:21","guid":{"rendered":"https:\/\/arroyitoonline.com.ar\/?p=7233"},"modified":"2020-01-16T01:34:25","modified_gmt":"2020-01-16T01:34:25","slug":"luque-se-viene-la-46ta-fiesta-nacional-de-la-familia-piemontesa","status":"publish","type":"post","link":"https:\/\/arroyitoonline.com.ar\/?p=7233","title":{"rendered":"Luque: se viene la 46ta. Fiesta Nacional de la Familia Piemontesa"},"content":{"rendered":"\n<h3 class=\"wp-block-heading\">Ayer martes se present\u00f3 la programaci\u00f3n de esta edici\u00f3n, cuya vedette vuelve a ser la bagna cauda.<\/h3>\n\n\n\n<p><strong>El 7 de febrero<\/strong>\u00a0dar\u00e1 inicio la edici\u00f3n n\u00famero 46 de la\u00a0<strong>Fiesta Nacional de la Familia Piemontesa en Luque<\/strong>.\u00a0Desde hace algunos a\u00f1os, la elecci\u00f3n de la reina se realiza en esta noche extra, donde se presentar\u00e1 la banda cuartetera del momento,\u00a0<strong>Q\u00b4Lokura.<\/strong><\/p>\n\n\n\n<p>La entrada anticipada podr\u00e1 adquirirse a\u00a0<strong>300 pesos<\/strong> y, en<strong> puerta<\/strong>, costar\u00e1 <strong>400 pesos<\/strong>.<\/p>\n\n\n\n<figure class=\"wp-block-image\"><img decoding=\"async\" src=\"https:\/\/viapais.com.ar\/files\/2020\/01\/20200115133956_40955563_0_body.jpg\" alt=\"Fiesta Piemontesa en Luque\"\/><figcaption><em>La noche extra, con la presencia de Q\u00b4Lokura y la elecci\u00f3n de la reina<\/em><\/figcaption><\/figure>\n\n\n\n<p><strong>La Fiesta continuar\u00e1 el viernes 21,<\/strong>\u00a0con la actuaci\u00f3n de\u00a0<strong>Destino San Javier y el baile con La Barra,<\/strong>\u00a0adem\u00e1s de la participaci\u00f3n de artistas locales y la apertura formal a cargo del Ballet Oficial.<\/p>\n\n\n\n<p>Las localidades anticipadas\u00a0<strong>para el baile solo<\/strong>\u00a0podr\u00e1n comprarse a\u00a0<strong>300 pesos o 400 pesos en boleter\u00eda<\/strong>; en tanto que la entrada para el\u00a0<strong>espect\u00e1culo completo<\/strong>\u00a0tendr\u00e1 un valor, por compra anticipada, de<strong>\u00a0500 pesos y 600 pesos en boleter\u00eda.<\/strong><\/p>\n\n\n\n<p><strong>Jubilados y menores abonar\u00e1n 250 pesos la entrada anticipada y 300 pesos en puerta.<\/strong><\/p>\n\n\n\n<figure class=\"wp-block-image\"><img decoding=\"async\" src=\"https:\/\/viapais.com.ar\/files\/2020\/01\/20200115133957_40955564_0_body.jpg\" alt=\"Fiesta Piemontesa en Luque\"\/><figcaption><em>La noche del viernes 21 tendr\u00e1 las actuaciones de La Barra y Destino San Javier<\/em><\/figcaption><\/figure>\n\n\n\n<p>Por su parte, en la noche del<strong>\u00a0s\u00e1bado 22<\/strong>, el artista central ser\u00e1\u00a0<strong>\u201cEl Indio\u201d Lucio Rojas, y el baile de Chebere junto al Turco Julio<\/strong>. El humor, como siempre, llegar\u00e1 de la mano de\u00a0<strong>Popo Giaveno<\/strong>.<\/p>\n\n\n\n<p>La entrada anticipada podr\u00e1 adquirirse a<strong>\u00a0500 pesos y a 600 en boleter\u00eda.<\/strong><\/p>\n\n\n\n<p>Jubilados y ni\u00f1os pagar\u00e1n el mismo precio que el viernes.<\/p>\n\n\n\n<figure class=\"wp-block-image\"><img decoding=\"async\" src=\"https:\/\/viapais.com.ar\/files\/2020\/01\/20200115133958_40955565_0_body.jpg\" alt=\"Fiesta Piemontesa en Luque\"\/><figcaption><em>La noche del s\u00e1bado 22 contar\u00e1 con las actuaciones de Chebere y el Turco Julio y El Indio Lucio Rojas<\/em><\/figcaption><\/figure>\n\n\n\n<p>El intendente de Luque,<strong>\u00a0Lucas Valiente,<\/strong>\u00a0se\u00f1al\u00f3 ayer que<em>\u00a0\u201ces la fiesta de la familia, donde se volver\u00e1 a montar una carpa gastron\u00f3mica para disfrutar de la bagna cauda y platos t\u00edpicos; una exposici\u00f3n comercial y un sector de juegos gratuitos para que los ni\u00f1os tambi\u00e9n puedan disfrutar de esta fiesta\u201d<\/em><strong>,<\/strong>\u00a0quien asegur\u00f3 que\u00a0<em>\u201cen Luque, para envidia de todos, ya se siente el olorcito a bagna cauda\u201d<\/em>, consciente de que la gran vedette de la Fiesta es esta salsa\u00a0t\u00edpica\u00a0del norte italiano, al &#8220;pi\u00e9 del monte&#8221;.<\/p>\n\n\n\n<figure class=\"wp-block-image\"><img decoding=\"async\" src=\"https:\/\/viapais.com.ar\/files\/2020\/01\/20200115133959_40955568_0_body.jpg\" alt=\"Fiesta Piemontesa en Luque\"\/><figcaption><em>Consegu\u00ed tus entradas anticipadas en Fan\u00e1ticos (Arroyito)<\/em><\/figcaption><\/figure>\n\n\n\n<p>Fuente: V\u00eda R\u00edo Primero.<\/p>\n","protected":false},"excerpt":{"rendered":"<p>Ayer martes se present\u00f3 la programaci\u00f3n de esta edici\u00f3n, cuya vedette vuelve a ser la bagna cauda. El 7 de&hellip;<\/p>\n","protected":false},"author":3,"featured_media":7234,"comment_status":"closed","ping_status":"open","sticky":false,"template":"","format":"standard","meta":{"footnotes":""},"categories":[2],"tags":[66,67,836,259,864,351,862,1072,376,572],"class_list":["post-7233","post","type-post","status-publish","format-standard","has-post-thumbnail","hentry","category-cultura-y-espectaculos","tag-arroyito","tag-arroyito-cordoba","tag-arroyito-online","tag-cultura","tag-cultura-y-espectaculos-online","tag-espectaculos","tag-espectaculos-online","tag-fiesta-de-la-familia-piemontesa","tag-fiestas","tag-noticias-de-arroyito-y-zona"],"_links":{"self":[{"href":"https:\/\/arroyitoonline.com.ar\/index.php?rest_route=\/wp\/v2\/posts\/7233","targetHints":{"allow":["GET"]}}],"collection":[{"href":"https:\/\/arroyitoonline.com.ar\/index.php?rest_route=\/wp\/v2\/posts"}],"about":[{"href":"https:\/\/arroyitoonline.com.ar\/index.php?rest_route=\/wp\/v2\/types\/post"}],"author":[{"embeddable":true,"href":"https:\/\/arroyitoonline.com.ar\/index.php?rest_route=\/wp\/v2\/users\/3"}],"replies":[{"embeddable":true,"href":"https:\/\/arroyitoonline.com.ar\/index.php?rest_route=%2Fwp%2Fv2%2Fcomments&post=7233"}],"version-history":[{"count":1,"href":"https:\/\/arroyitoonline.com.ar\/index.php?rest_route=\/wp\/v2\/posts\/7233\/revisions"}],"predecessor-version":[{"id":7235,"href":"https:\/\/arroyitoonline.com.ar\/index.php?rest_route=\/wp\/v2\/posts\/7233\/revisions\/7235"}],"wp:featuredmedia":[{"embeddable":true,"href":"https:\/\/arroyitoonline.com.ar\/index.php?rest_route=\/wp\/v2\/media\/7234"}],"wp:attachment":[{"href":"https:\/\/arroyitoonline.com.ar\/index.php?rest_route=%2Fwp%2Fv2%2Fmedia&parent=7233"}],"wp:term":[{"taxonomy":"category","embeddable":true,"href":"https:\/\/arroyitoonline.com.ar\/index.php?rest_route=%2Fwp%2Fv2%2Fcategories&post=7233"},{"taxonomy":"post_tag","embeddable":true,"href":"https:\/\/arroyitoonline.com.ar\/index.php?rest_route=%2Fwp%2Fv2%2Ftags&post=7233"}],"curies":[{"name":"wp","href":"https:\/\/api.w.org\/{rel}","templated":true}]}}