{"id":7244,"date":"2020-01-17T12:40:29","date_gmt":"2020-01-17T12:40:29","guid":{"rendered":"https:\/\/arroyitoonline.com.ar\/?p=7244"},"modified":"2020-01-17T12:40:33","modified_gmt":"2020-01-17T12:40:33","slug":"la-escuela-de-voley-de-la-velez-festejo-sus-logros-de-2019","status":"publish","type":"post","link":"https:\/\/arroyitoonline.com.ar\/?p=7244","title":{"rendered":"La Escuela de V\u00f3ley de la V\u00e9lez festej\u00f3 sus logros de 2019"},"content":{"rendered":"\n<p><strong>La Estancia &#8220;La \u00d1ata&#8221; fue sede de una cena de camarader\u00eda y entrega de reconocimientos a los deportistas velezanos de la disciplina, que se destacaron durante el a\u00f1o pasado. <\/strong><\/p>\n\n\n\n<p>La Escuela de V\u00f3ley de la Escuela Dr. Dalmacio V\u00e9lez Sarsfield se consolida y, por ello, sus integrantes celebraron los logros obtenidos durante 2019 con un agasajo a los deportistas y sus familias en la Estancia &#8220;La \u00d1ata&#8221;.<\/p>\n\n\n\n<p>Tambi\u00e9n participaron del festejo el vicedirector del Nivel Medio, Prof. Lic. Mariano Acosta, y los profesores a cargo de la actividad, Luciano Mana y Nicol\u00e1s Ludue\u00f1a. <\/p>\n\n\n\n<figure><iframe loading=\"lazy\" src=\"https:\/\/www.facebook.com\/plugins\/post.php?href=https%3A%2F%2Fwww.facebook.com%2Fmedia%2Fset%2F%3Fset%3Da.2809016559155544%26type%3D3&amp;width=500\" width=\"500\" height=\"757\"><\/iframe><\/figure>\n\n\n\n<p>En la oportunidad, entregaron medallas de la Federaci\u00f3n Cordobesa de Voleybol (FCV) y diplomas a los atletas de todas las edades, compartieron una cena de camarader\u00eda y juegos recreativos. <\/p>\n\n\n\n<p>Se destaca que, durante el a\u00f1o 2019, los voleybolistas velezanos:<\/p>\n\n\n\n<p>Participaron en abiertos de\n&#8220;minivoley&#8221; organizados en la regi\u00f3n.<\/p>\n\n\n\n<p>Clasificaron en Sub 15 y Sub 17 a\nla Copa de Oro&nbsp;de la Federaci\u00f3n Cordobesa de V\u00f3ley.<\/p>\n\n\n\n<p>Clasificaron a la Copa de\nPlata&nbsp;en Sub 19 de la Federaci\u00f3n Cordobesa de V\u00f3ley.<\/p>\n\n\n\n<p>Obtuvieron la medalla de bronce en\nla categor\u00eda Sub 17.<\/p>\n\n\n\n<p>Se fusionaron con la primera\ndivisi\u00f3n de la Universidad Nacional de C\u00f3rdoba.<\/p>\n\n\n\n<p>Jael Loser, alumna suiza&nbsp;de\nintercambio, particip\u00f3 a nivel federado junto a las jugadoras velezanas.<\/p>\n\n\n\n<p>La primera divisi\u00f3n masculina obtuvo el campeonato en el Torneo Apertura de la Super Liga Regional.<\/p>\n\n\n\n<p>Desde la V\u00e9lez <em>\u201cagradecemos a los profesores Luciano Mana y Nicol\u00e1s Ludue\u00f1a, por toda la dedicaci\u00f3n y pasi\u00f3n compartida\u201d<\/em>. <\/p>\n","protected":false},"excerpt":{"rendered":"<p>La Estancia &#8220;La \u00d1ata&#8221; fue sede de una cena de camarader\u00eda y entrega de reconocimientos a los deportistas velezanos de&hellip;<\/p>\n","protected":false},"author":3,"featured_media":7245,"comment_status":"closed","ping_status":"open","sticky":false,"template":"","format":"standard","meta":{"footnotes":""},"categories":[3],"tags":[66,67,836,276,277,888,572,814],"class_list":["post-7244","post","type-post","status-publish","format-standard","has-post-thumbnail","hentry","category-infodeporte","tag-arroyito","tag-arroyito-cordoba","tag-arroyito-online","tag-deporte","tag-deportes","tag-escuela-dr-dalmacio-velez-sarsfield","tag-noticias-de-arroyito-y-zona","tag-voley"],"_links":{"self":[{"href":"https:\/\/arroyitoonline.com.ar\/index.php?rest_route=\/wp\/v2\/posts\/7244","targetHints":{"allow":["GET"]}}],"collection":[{"href":"https:\/\/arroyitoonline.com.ar\/index.php?rest_route=\/wp\/v2\/posts"}],"about":[{"href":"https:\/\/arroyitoonline.com.ar\/index.php?rest_route=\/wp\/v2\/types\/post"}],"author":[{"embeddable":true,"href":"https:\/\/arroyitoonline.com.ar\/index.php?rest_route=\/wp\/v2\/users\/3"}],"replies":[{"embeddable":true,"href":"https:\/\/arroyitoonline.com.ar\/index.php?rest_route=%2Fwp%2Fv2%2Fcomments&post=7244"}],"version-history":[{"count":1,"href":"https:\/\/arroyitoonline.com.ar\/index.php?rest_route=\/wp\/v2\/posts\/7244\/revisions"}],"predecessor-version":[{"id":7247,"href":"https:\/\/arroyitoonline.com.ar\/index.php?rest_route=\/wp\/v2\/posts\/7244\/revisions\/7247"}],"wp:featuredmedia":[{"embeddable":true,"href":"https:\/\/arroyitoonline.com.ar\/index.php?rest_route=\/wp\/v2\/media\/7245"}],"wp:attachment":[{"href":"https:\/\/arroyitoonline.com.ar\/index.php?rest_route=%2Fwp%2Fv2%2Fmedia&parent=7244"}],"wp:term":[{"taxonomy":"category","embeddable":true,"href":"https:\/\/arroyitoonline.com.ar\/index.php?rest_route=%2Fwp%2Fv2%2Fcategories&post=7244"},{"taxonomy":"post_tag","embeddable":true,"href":"https:\/\/arroyitoonline.com.ar\/index.php?rest_route=%2Fwp%2Fv2%2Ftags&post=7244"}],"curies":[{"name":"wp","href":"https:\/\/api.w.org\/{rel}","templated":true}]}}