{"id":7263,"date":"2020-01-20T16:38:18","date_gmt":"2020-01-20T16:38:18","guid":{"rendered":"https:\/\/arroyitoonline.com.ar\/?p=7263"},"modified":"2020-01-20T16:38:24","modified_gmt":"2020-01-20T16:38:24","slug":"embistio-a-joven-con-una-moto-robada-y-fue-detenido","status":"publish","type":"post","link":"https:\/\/arroyitoonline.com.ar\/?p=7263","title":{"rendered":"Embisti\u00f3 a joven con una moto robada y fue detenido"},"content":{"rendered":"\n<p><strong>El presunto ladr\u00f3n tiene 23 a\u00f1os y es de C\u00f3rdoba. El rodado fue sustra\u00eddo del frente del domicilio de su due\u00f1a, sobre Jos\u00e9 A. Vocos al 800.<\/strong><\/p>\n\n\n\n<p>A las 6:00 horas de ayer, se produjo un accidente de tr\u00e1nsito en la intersecci\u00f3n de las avenidas Mariano Moreno y Bernardo Erb, donde la Polic\u00eda hall\u00f3 a un joven (18) tendido en el suelo golpeado en su pierna izquierda, quien se encontraba acompa\u00f1ado por otro de la misma edad, ambos de Arroyito.<\/p>\n\n\n\n<p>Estos manifestaron que, momentos antes, un motociclista que se trasladaba con direcci\u00f3n de norte a sur por Erb, le colision\u00f3 el pie al primero. En el sector se hizo presente el servicio de emergencias trasladando al damnificado al hospital municipal. <\/p>\n\n\n\n<p>Luego, la Polic\u00eda entrevist\u00f3 al conductor que ocasion\u00f3 el siniestro, un sujeto de 23 a\u00f1os con domicilio en C\u00f3rdoba, que andaba en una Guerrero Trip color azul, sin dominio, que presentaba da\u00f1os en el tambor de arranque y carec\u00eda de la pechera.<\/p>\n\n\n\n<p>En ese momento, personal policial fue alertado de la sustracci\u00f3n de un\nrodado de similares caracter\u00edsticas que, consultado en el sistema, coincid\u00eda\ncon la moto robada, a nombre de una joven (21), a quien se la hab\u00edan sustra\u00eddo del\nfrente de su domicilio, en Jos\u00e9 A. Vocos al 800.<\/p>\n\n\n\n<p>A continuaci\u00f3n, el joven cordob\u00e9s que conduc\u00eda la Trip fue aprehendido\ny trasladado a la Comisar\u00eda quedando alojado por supuesto autor del delito de\nrobo, a disposici\u00f3n de la Fiscal\u00eda de Feria de la ciudad de San Francisco. <\/p>\n\n\n\n<p>Fuente: informe del comisario Inspector Pablo Berardo, jefe de Zona de\nInspecci\u00f3n N\u00b0 4. <\/p>\n","protected":false},"excerpt":{"rendered":"<p>El presunto ladr\u00f3n tiene 23 a\u00f1os y es de C\u00f3rdoba. El rodado fue sustra\u00eddo del frente del domicilio de su&hellip;<\/p>\n","protected":false},"author":3,"featured_media":3993,"comment_status":"closed","ping_status":"open","sticky":false,"template":"","format":"standard","meta":{"footnotes":""},"categories":[824],"tags":[22,66,67,836,547,572,637,638,825,693],"class_list":["post-7263","post","type-post","status-publish","format-standard","has-post-thumbnail","hentry","category-policiales-online","tag-accidente","tag-arroyito","tag-arroyito-cordoba","tag-arroyito-online","tag-motos","tag-noticias-de-arroyito-y-zona","tag-policiales","tag-policiales-arroyito","tag-policiales-online","tag-robo"],"_links":{"self":[{"href":"https:\/\/arroyitoonline.com.ar\/index.php?rest_route=\/wp\/v2\/posts\/7263","targetHints":{"allow":["GET"]}}],"collection":[{"href":"https:\/\/arroyitoonline.com.ar\/index.php?rest_route=\/wp\/v2\/posts"}],"about":[{"href":"https:\/\/arroyitoonline.com.ar\/index.php?rest_route=\/wp\/v2\/types\/post"}],"author":[{"embeddable":true,"href":"https:\/\/arroyitoonline.com.ar\/index.php?rest_route=\/wp\/v2\/users\/3"}],"replies":[{"embeddable":true,"href":"https:\/\/arroyitoonline.com.ar\/index.php?rest_route=%2Fwp%2Fv2%2Fcomments&post=7263"}],"version-history":[{"count":1,"href":"https:\/\/arroyitoonline.com.ar\/index.php?rest_route=\/wp\/v2\/posts\/7263\/revisions"}],"predecessor-version":[{"id":7264,"href":"https:\/\/arroyitoonline.com.ar\/index.php?rest_route=\/wp\/v2\/posts\/7263\/revisions\/7264"}],"wp:featuredmedia":[{"embeddable":true,"href":"https:\/\/arroyitoonline.com.ar\/index.php?rest_route=\/wp\/v2\/media\/3993"}],"wp:attachment":[{"href":"https:\/\/arroyitoonline.com.ar\/index.php?rest_route=%2Fwp%2Fv2%2Fmedia&parent=7263"}],"wp:term":[{"taxonomy":"category","embeddable":true,"href":"https:\/\/arroyitoonline.com.ar\/index.php?rest_route=%2Fwp%2Fv2%2Fcategories&post=7263"},{"taxonomy":"post_tag","embeddable":true,"href":"https:\/\/arroyitoonline.com.ar\/index.php?rest_route=%2Fwp%2Fv2%2Ftags&post=7263"}],"curies":[{"name":"wp","href":"https:\/\/api.w.org\/{rel}","templated":true}]}}