{"id":7280,"date":"2020-01-21T13:02:06","date_gmt":"2020-01-21T13:02:06","guid":{"rendered":"https:\/\/arroyitoonline.com.ar\/?p=7280"},"modified":"2020-01-23T12:15:26","modified_gmt":"2020-01-23T12:15:26","slug":"se-desarrolla-la-campana-de-hidratacion-en-los-centros-de-salud-y-postas-sanitarias","status":"publish","type":"post","link":"https:\/\/arroyitoonline.com.ar\/?p=7280","title":{"rendered":"Se desarrolla la Campa\u00f1a de Hidrataci\u00f3n en los centros de salud y postas sanitarias"},"content":{"rendered":"\n<p><strong>La jornada de Prevenci\u00f3n y Promoci\u00f3n de la Salud concluir\u00e1 este mi\u00e9rcoles, a las 10:00 horas, en el hall del Municipio. <\/strong><\/p>\n\n\n\n<p>El Hospital Municipal Carlos J. Rodr\u00edguez realizar\u00e1, en distintas postas sanitarias de nuestra ciudad, y los parajes de La Curva y El Fuertecito, una gran Campa\u00f1a de Hidrataci\u00f3n.<\/p>\n\n\n\n<p>Desde ayer lunes 20 y hasta ma\u00f1ana mi\u00e9rcoles 23 de enero se desarrolla esta iniciativa de promoci\u00f3n de la salud, en la que est\u00e1n presentes diferentes m\u00e9dicos del y enfermeras del nosocomio, para la concientizaci\u00f3n sobre la hidrataci\u00f3n en verano y la prevenci\u00f3n de los golpes de calor.<\/p>\n\n\n\n<figure class=\"wp-block-image\"><img loading=\"lazy\" decoding=\"async\" width=\"611\" height=\"855\" src=\"https:\/\/arroyitoonline.com.ar\/wp-content\/uploads\/2020\/01\/s\u00edntomas-de-deshidrataci\u00f3n.jpg\" alt=\"\" class=\"wp-image-7281\" srcset=\"https:\/\/arroyitoonline.com.ar\/wp-content\/uploads\/2020\/01\/s\u00edntomas-de-deshidrataci\u00f3n.jpg 611w, https:\/\/arroyitoonline.com.ar\/wp-content\/uploads\/2020\/01\/s\u00edntomas-de-deshidrataci\u00f3n-214x300.jpg 214w\" sizes=\"auto, (max-width: 611px) 100vw, 611px\" \/><figcaption><em>#eleg\u00edprevenir<\/em><\/figcaption><\/figure>\n\n\n\n<p>Ayer, la sede del evento fue el&nbsp;Centro de Salud Norte Carlos Vieyra,&nbsp;a las 7:30 y, en la&nbsp;Posta Sanitaria Sur Rub\u00e9n Miretti, a las 8:30 horas.<\/p>\n\n\n\n<p>Mientras tanto, hoy martes 21, la Campa\u00f1a se realiza en el Centro de Salud Santa Teresita de El Fuertecito, a las 7:30 y, a las 9:00 horas, en&nbsp;la Posta Sanitaria Ra\u00fal Zaya de La Curva. <\/p>\n\n\n\n<p>Por \u00faltimo, el jueves 23 de enero, los profesionales estar\u00e1n presentes en el hall principal del edificio municipal, desde las 10:00 horas.<\/p>\n\n\n\n<p><em>&#8220;Est\u00e1n todos invitados a participar de estas jornadas de Prevenci\u00f3n y Promoci\u00f3n de la Salud. #viv\u00edelverano&#8221;<\/em>, dijeron desde la actual gesti\u00f3n. <\/p>\n\n\n\n<p>Foto: Prensa Municipal. <\/p>\n","protected":false},"excerpt":{"rendered":"<p>La jornada de Prevenci\u00f3n y Promoci\u00f3n de la Salud concluir\u00e1 este mi\u00e9rcoles, a las 10:00 horas, en el hall del&hellip;<\/p>\n","protected":false},"author":3,"featured_media":7187,"comment_status":"closed","ping_status":"open","sticky":false,"template":"","format":"standard","meta":{"footnotes":""},"categories":[9],"tags":[66,67,836,174,1003,315,426,483,555,556,572,1023,1073,706,795],"class_list":["post-7280","post","type-post","status-publish","format-standard","has-post-thumbnail","hentry","category-infosalud","tag-arroyito","tag-arroyito-cordoba","tag-arroyito-online","tag-centro-de-salud-dr-carlos-e-vieyra","tag-centro-de-salud-santa-teresita","tag-el-fuertecito","tag-hospital","tag-la-curva","tag-municipalidad","tag-municipalidad-de-arroyito","tag-noticias-de-arroyito-y-zona","tag-posta-de-salud-sur-dr-ruben-miretti","tag-posta-sanitaria-dr-raul-zaya-la-curva","tag-salud","tag-verano"],"_links":{"self":[{"href":"https:\/\/arroyitoonline.com.ar\/index.php?rest_route=\/wp\/v2\/posts\/7280","targetHints":{"allow":["GET"]}}],"collection":[{"href":"https:\/\/arroyitoonline.com.ar\/index.php?rest_route=\/wp\/v2\/posts"}],"about":[{"href":"https:\/\/arroyitoonline.com.ar\/index.php?rest_route=\/wp\/v2\/types\/post"}],"author":[{"embeddable":true,"href":"https:\/\/arroyitoonline.com.ar\/index.php?rest_route=\/wp\/v2\/users\/3"}],"replies":[{"embeddable":true,"href":"https:\/\/arroyitoonline.com.ar\/index.php?rest_route=%2Fwp%2Fv2%2Fcomments&post=7280"}],"version-history":[{"count":2,"href":"https:\/\/arroyitoonline.com.ar\/index.php?rest_route=\/wp\/v2\/posts\/7280\/revisions"}],"predecessor-version":[{"id":7297,"href":"https:\/\/arroyitoonline.com.ar\/index.php?rest_route=\/wp\/v2\/posts\/7280\/revisions\/7297"}],"wp:featuredmedia":[{"embeddable":true,"href":"https:\/\/arroyitoonline.com.ar\/index.php?rest_route=\/wp\/v2\/media\/7187"}],"wp:attachment":[{"href":"https:\/\/arroyitoonline.com.ar\/index.php?rest_route=%2Fwp%2Fv2%2Fmedia&parent=7280"}],"wp:term":[{"taxonomy":"category","embeddable":true,"href":"https:\/\/arroyitoonline.com.ar\/index.php?rest_route=%2Fwp%2Fv2%2Fcategories&post=7280"},{"taxonomy":"post_tag","embeddable":true,"href":"https:\/\/arroyitoonline.com.ar\/index.php?rest_route=%2Fwp%2Fv2%2Ftags&post=7280"}],"curies":[{"name":"wp","href":"https:\/\/api.w.org\/{rel}","templated":true}]}}