{"id":7298,"date":"2020-01-23T14:13:43","date_gmt":"2020-01-23T14:13:43","guid":{"rendered":"https:\/\/arroyitoonline.com.ar\/?p=7298"},"modified":"2020-01-23T14:23:36","modified_gmt":"2020-01-23T14:23:36","slug":"la-ejecucion-de-la-cloaca-maxima-del-sur-comenzara-en-febrero-con-una-inversion-de-73-millones","status":"publish","type":"post","link":"https:\/\/arroyitoonline.com.ar\/?p=7298","title":{"rendered":"La ejecuci\u00f3n de la Cloaca M\u00e1xima del Sur comenzar\u00e1 en febrero, con una inversi\u00f3n de $73 millones"},"content":{"rendered":"\n<p><strong>Ayer, el vicegobernador Manuel Calvo estuvo en Arroyito y ratific\u00f3 el inicio de la obra, junto al intendente Benedetti. Por su parte, el ministro L\u00f3pez dio detalles del proyecto.<\/strong><\/p>\n\n\n\n<p>Ayer, en su primera visita a nuestra ciudad como vicegobernador, Manuel Calvo, a cargo del Ejecutivo provincial, present\u00f3 el inicio de obra de la Red Troncal de las Cloacas del sector sur.<\/p>\n\n\n\n<p>El funcionario encabez\u00f3 este acto oficial junto al intendente local, Gustavo Benedetti, y el ministro de Servicios P\u00fablicos, Fabi\u00e1n L\u00f3pez. Acompa\u00f1aron los legisladores Ram\u00f3n Giraldi y Alejandra Piasco; el presidente de la Agencia C\u00f3rdoba, Inversi\u00f3n y Financiamiento, Marcelo Botta; el secretario provincial de Servicios P\u00fablicos, Alberto Bresciano, y funcionarios municipales.<\/p>\n\n\n\n<p>Los trabajos para la Obra de Cloaca M\u00e1xima e Instalaciones Complementarias Zona Sur, gestionada por la administraci\u00f3n Cravero ante el gobernador Schiaretti, comenzar\u00edan en los primeros d\u00edas del mes de febrero.<\/p>\n\n\n\n<p><em>&#8220;Cost\u00f3 mucho y hace ocho a\u00f1os que este proyecto estaba estancado por las situaciones econ\u00f3micas. Tambi\u00e9n la gesti\u00f3n anterior tuvo la capacidad de gestionar. Este es un paso importante y hay un trabajo de dos instituciones que forman la estructura de la ciudad, Cooperativa y Arcor, junto a la Municipalidad, que siempre han encabezado los proyectos importantes. En esta etapa se nos hac\u00eda dif\u00edcil y el gobierno de la provincia nos da esta oportunidad&#8221;<\/em>, dijo Benedetti agradeciendo la presencia del vicegobernador, quien fue declarado Hu\u00e9sped de Honor mediante el Decreto N\u00b0 043\u2013C\/20.\n\n<\/p>\n\n\n\n<figure class=\"wp-block-embed-facebook wp-block-embed is-type-video is-provider-facebook\"><div class=\"wp-block-embed__wrapper\">\nhttps:\/\/www.facebook.com\/arroyitoonlineoficial\/videos\/225815608412444\/\n<\/div><\/figure>\n\n\n\n<p>En la actualidad, la red colectora tiene una cobertura aproximada del 70% de la poblaci\u00f3n, correspondiente al sector norte y, con esta ejecuci\u00f3n, pretenden elevarla al 95% beneficiando a 12.000 vecinos m\u00e1s, en los pr\u00f3ximos 20 a\u00f1os. Tambi\u00e9n permitir\u00e1 al Municipio comenzar con la planificaci\u00f3n de redes de distribuci\u00f3n y conexi\u00f3n domiciliaria.<\/p>\n\n\n\n<figure class=\"wp-block-image\"><img loading=\"lazy\" decoding=\"async\" width=\"1024\" height=\"683\" src=\"https:\/\/arroyitoonline.com.ar\/wp-content\/uploads\/2020\/01\/giraldi-benedetti-calvo-l\u00f3pez-1024x683.jpeg\" alt=\"\" class=\"wp-image-7305\" srcset=\"https:\/\/arroyitoonline.com.ar\/wp-content\/uploads\/2020\/01\/giraldi-benedetti-calvo-l\u00f3pez-1024x683.jpeg 1024w, https:\/\/arroyitoonline.com.ar\/wp-content\/uploads\/2020\/01\/giraldi-benedetti-calvo-l\u00f3pez-300x200.jpeg 300w, https:\/\/arroyitoonline.com.ar\/wp-content\/uploads\/2020\/01\/giraldi-benedetti-calvo-l\u00f3pez-768x512.jpeg 768w, https:\/\/arroyitoonline.com.ar\/wp-content\/uploads\/2020\/01\/giraldi-benedetti-calvo-l\u00f3pez.jpeg 1280w\" sizes=\"auto, (max-width: 1024px) 100vw, 1024px\" \/><figcaption><em>El legislador Departamental San Justo, Ram\u00f3n Giraldi (izquierda sentado), el ministro de Servicios P\u00fablicos, Fabi\u00e1n L\u00f3pez (derecha sentado) acompa\u00f1ando al intendente Benedetti y al vicegobernador Manuel Calvo, con la declaraci\u00f3n de Hu\u00e9sped de Honor. Foto\u00a0gentileza\u00a0Prensa\u00a0Municipal.\u00a0<\/em><\/figcaption><\/figure>\n\n\n\n<p>En este marco, L\u00f3pez, que remarc\u00f3 <em>&#8220;la tremenda pasi\u00f3n del gobernador por la ejecuci\u00f3n de obras&#8221;<\/em>, explic\u00f3 que, si bien <em>&#8220;el presupuesto oficial de esta obra eran casi $83 millones, la mejor oferta que encontramos est\u00e1 casi $10 millones por debajo. Va a demandar un plazo de ejecuci\u00f3n de 12 meses, lluvias mediante, con una inversi\u00f3n de $73 millones y deber\u00edamos finalizarla en marzo de 2021 resolviendo el problema de crecimiento del sector sur&#8221;<\/em>.<\/p>\n\n\n\n<p>El ministro tambi\u00e9n se\u00f1al\u00f3 que <em>&#8220;aprovechando la planta que disponemos de Arcor donde hoy se est\u00e1n tratando los l\u00edquidos cloacales de la zona norte, la idea es desarrollar toda la infraestructura b\u00e1sica, los colectores de mayor tama\u00f1o, no los que pasan por el frente de cada vivienda, sino la estructura de mayor tama\u00f1o que recolecta lo que viene de cada vivienda y, a trav\u00e9s de distintos recorridos, de distintas estaciones de bombeo terminan llegando a la planta de tratamiento. Esa es la obra que vamos a iniciar en los pr\u00f3ximos d\u00edas&#8221;<\/em>. <\/p>\n","protected":false},"excerpt":{"rendered":"<p>Ayer, el vicegobernador Manuel Calvo estuvo en Arroyito y ratific\u00f3 el inicio de la obra, junto al intendente Benedetti. Por&hellip;<\/p>\n","protected":false},"author":3,"featured_media":7301,"comment_status":"closed","ping_status":"open","sticky":false,"template":"","format":"standard","meta":{"footnotes":""},"categories":[879],"tags":[66,67,836,205,404,405,968,1018,555,556,572,720,732],"class_list":["post-7298","post","type-post","status-publish","format-standard","has-post-thumbnail","hentry","category-servicios-publicos","tag-arroyito","tag-arroyito-cordoba","tag-arroyito-online","tag-cloacas","tag-gobierno-de-cordoba","tag-gobierno-de-la-provincia","tag-gustavo-benedetti","tag-manuel-calvo","tag-municipalidad","tag-municipalidad-de-arroyito","tag-noticias-de-arroyito-y-zona","tag-sector-sur","tag-servicios-publicos"],"_links":{"self":[{"href":"https:\/\/arroyitoonline.com.ar\/index.php?rest_route=\/wp\/v2\/posts\/7298","targetHints":{"allow":["GET"]}}],"collection":[{"href":"https:\/\/arroyitoonline.com.ar\/index.php?rest_route=\/wp\/v2\/posts"}],"about":[{"href":"https:\/\/arroyitoonline.com.ar\/index.php?rest_route=\/wp\/v2\/types\/post"}],"author":[{"embeddable":true,"href":"https:\/\/arroyitoonline.com.ar\/index.php?rest_route=\/wp\/v2\/users\/3"}],"replies":[{"embeddable":true,"href":"https:\/\/arroyitoonline.com.ar\/index.php?rest_route=%2Fwp%2Fv2%2Fcomments&post=7298"}],"version-history":[{"count":13,"href":"https:\/\/arroyitoonline.com.ar\/index.php?rest_route=\/wp\/v2\/posts\/7298\/revisions"}],"predecessor-version":[{"id":7316,"href":"https:\/\/arroyitoonline.com.ar\/index.php?rest_route=\/wp\/v2\/posts\/7298\/revisions\/7316"}],"wp:featuredmedia":[{"embeddable":true,"href":"https:\/\/arroyitoonline.com.ar\/index.php?rest_route=\/wp\/v2\/media\/7301"}],"wp:attachment":[{"href":"https:\/\/arroyitoonline.com.ar\/index.php?rest_route=%2Fwp%2Fv2%2Fmedia&parent=7298"}],"wp:term":[{"taxonomy":"category","embeddable":true,"href":"https:\/\/arroyitoonline.com.ar\/index.php?rest_route=%2Fwp%2Fv2%2Fcategories&post=7298"},{"taxonomy":"post_tag","embeddable":true,"href":"https:\/\/arroyitoonline.com.ar\/index.php?rest_route=%2Fwp%2Fv2%2Ftags&post=7298"}],"curies":[{"name":"wp","href":"https:\/\/api.w.org\/{rel}","templated":true}]}}