{"id":7317,"date":"2020-01-23T17:41:37","date_gmt":"2020-01-23T17:41:37","guid":{"rendered":"https:\/\/arroyitoonline.com.ar\/?p=7317"},"modified":"2020-01-23T17:41:39","modified_gmt":"2020-01-23T17:41:39","slug":"llegan-los-carnavales-2020-con-el-debut-de-la-nueva-comparsa-municipal","status":"publish","type":"post","link":"https:\/\/arroyitoonline.com.ar\/?p=7317","title":{"rendered":"Llegan los Carnavales 2020, con el debut de la nueva Comparsa Municipal"},"content":{"rendered":"\n<p><strong>El elenco ya cuenta con 22 bailarinas. Adem\u00e1s, persiste el conflicto con Gardelia, ya que le solicitan la restituci\u00f3n de sus bienes al Municipio. <\/strong><\/p>\n\n\n\n<p>Este s\u00e1bado 25 de enero, desde las 21:00 horas, la gesti\u00f3n benedettista comenzar\u00e1 con su propia versi\u00f3n de los Carnavales. \u00c9se d\u00eda debutar\u00e1 la flamante comparsa municipal, que se encuentra en v\u00edas de formaci\u00f3n, con 22 bailarinas en su haber y la coordinaci\u00f3n de Gabriela Carabajal y Elizabeth Ferreyra. <\/p>\n\n\n\n<figure class=\"wp-block-image\"><img loading=\"lazy\" decoding=\"async\" width=\"1024\" height=\"841\" src=\"https:\/\/arroyitoonline.com.ar\/wp-content\/uploads\/2020\/01\/cors\u00f3dromo-carnavales-2020-1024x841.jpg\" alt=\"\" class=\"wp-image-7322\" srcset=\"https:\/\/arroyitoonline.com.ar\/wp-content\/uploads\/2020\/01\/cors\u00f3dromo-carnavales-2020-1024x841.jpg 1024w, https:\/\/arroyitoonline.com.ar\/wp-content\/uploads\/2020\/01\/cors\u00f3dromo-carnavales-2020-300x246.jpg 300w, https:\/\/arroyitoonline.com.ar\/wp-content\/uploads\/2020\/01\/cors\u00f3dromo-carnavales-2020-768x630.jpg 768w, https:\/\/arroyitoonline.com.ar\/wp-content\/uploads\/2020\/01\/cors\u00f3dromo-carnavales-2020.jpg 2048w\" sizes=\"auto, (max-width: 1024px) 100vw, 1024px\" \/><figcaption><em>El plano del nuevo cors\u00f3dromo<\/em><\/figcaption><\/figure>\n\n\n\n<p>La entrada general al nuevo cors\u00f3dromo,\nque funcionar\u00e1 sobre avenida Carlos Pont\u00edn, desde Belgrano hasta V\u00e9lez\nSarsfield, costar\u00e1 $100; mientras que los menores de 10 a\u00f1os ingresar\u00e1n gratis\ny habr\u00e1 buffet, donde se vender\u00e1n comidas y bebidas.<\/p>\n\n\n\n<figure class=\"wp-block-image\"><img loading=\"lazy\" decoding=\"async\" width=\"827\" height=\"827\" src=\"https:\/\/arroyitoonline.com.ar\/wp-content\/uploads\/2020\/01\/CARNAVAL_MUNICIPAL_2020_FLYER_1.jpeg\" alt=\"\" class=\"wp-image-7319\" srcset=\"https:\/\/arroyitoonline.com.ar\/wp-content\/uploads\/2020\/01\/CARNAVAL_MUNICIPAL_2020_FLYER_1.jpeg 827w, https:\/\/arroyitoonline.com.ar\/wp-content\/uploads\/2020\/01\/CARNAVAL_MUNICIPAL_2020_FLYER_1-150x150.jpeg 150w, https:\/\/arroyitoonline.com.ar\/wp-content\/uploads\/2020\/01\/CARNAVAL_MUNICIPAL_2020_FLYER_1-300x300.jpeg 300w, https:\/\/arroyitoonline.com.ar\/wp-content\/uploads\/2020\/01\/CARNAVAL_MUNICIPAL_2020_FLYER_1-768x768.jpeg 768w\" sizes=\"auto, (max-width: 827px) 100vw, 827px\" \/><figcaption><em>#viv\u00edelverano<\/em><\/figcaption><\/figure>\n\n\n\n<p>Esa noche participar\u00e1n del evento 300 artistas pertenecientes a las comparsas: Sol Naciente y Ohana, ambas de Arroyito; Aramyver\u00e1, de La Curva y El Fuertecito; Amarena de la localidad de Tr\u00e1nsito; Shadi (municipal) junto a la Batucada La Macumba y Hechiceros del Carnaval, de Marull, y la Batucada Luz de Noche, de R\u00edo Primero. Por su parte, el gran cierre bailable estar\u00e1 a cargo del grupo cuartetero Intenso.<\/p>\n\n\n\n<figure class=\"wp-block-image\"><img loading=\"lazy\" decoding=\"async\" width=\"827\" height=\"827\" src=\"https:\/\/arroyitoonline.com.ar\/wp-content\/uploads\/2020\/01\/CARNAVAL_MUNICIPAL_2020_FLYER_2.jpg\" alt=\"\" class=\"wp-image-7318\" srcset=\"https:\/\/arroyitoonline.com.ar\/wp-content\/uploads\/2020\/01\/CARNAVAL_MUNICIPAL_2020_FLYER_2.jpg 827w, https:\/\/arroyitoonline.com.ar\/wp-content\/uploads\/2020\/01\/CARNAVAL_MUNICIPAL_2020_FLYER_2-150x150.jpg 150w, https:\/\/arroyitoonline.com.ar\/wp-content\/uploads\/2020\/01\/CARNAVAL_MUNICIPAL_2020_FLYER_2-300x300.jpg 300w, https:\/\/arroyitoonline.com.ar\/wp-content\/uploads\/2020\/01\/CARNAVAL_MUNICIPAL_2020_FLYER_2-768x768.jpg 768w\" sizes=\"auto, (max-width: 827px) 100vw, 827px\" \/><figcaption><em>#viv\u00edelverano<\/em><\/figcaption><\/figure>\n\n\n\n<p>Tambi\u00e9n habr\u00e1 una segunda fecha de los Carnavales 2020, que se concretar\u00e1 el s\u00e1bado 24 de febrero. Y el resto de las comparsas locales tendr\u00e1 sus eventos intermedios: Sol Naciente en el norte, Aramyver\u00e1 en La Curva y El Fuertecito y Zab Al\u00ed, con los Carnavalazos del Sur, un cl\u00e1sico en la Plaza de los Homenajes. \u00a0<\/p>\n\n\n\n<p>Adem\u00e1s, en los pr\u00f3ximos meses, desde la secretar\u00eda de Educaci\u00f3n y Cultura a cargo de Ver\u00f3nica Maritano, se iniciar\u00e1n talleres gratuitos para la formaci\u00f3n de bailarines y aspirantes a miembros de la batucada, a lo que podr\u00eda sumarse una murga. <\/p>\n\n\n\n<figure class=\"wp-block-image\"><img loading=\"lazy\" decoding=\"async\" width=\"827\" height=\"827\" src=\"https:\/\/arroyitoonline.com.ar\/wp-content\/uploads\/2020\/01\/carnavales-intenso-cuarteto.jpg\" alt=\"\" class=\"wp-image-7320\" srcset=\"https:\/\/arroyitoonline.com.ar\/wp-content\/uploads\/2020\/01\/carnavales-intenso-cuarteto.jpg 827w, https:\/\/arroyitoonline.com.ar\/wp-content\/uploads\/2020\/01\/carnavales-intenso-cuarteto-150x150.jpg 150w, https:\/\/arroyitoonline.com.ar\/wp-content\/uploads\/2020\/01\/carnavales-intenso-cuarteto-300x300.jpg 300w, https:\/\/arroyitoonline.com.ar\/wp-content\/uploads\/2020\/01\/carnavales-intenso-cuarteto-768x768.jpg 768w\" sizes=\"auto, (max-width: 827px) 100vw, 827px\" \/><figcaption><em>El gran cierre bailable estar\u00e1 a cargo de los cuarteteros Intenso<\/em><\/figcaption><\/figure>\n\n\n\n<p><strong>Conflicto con Gardelia<\/strong><\/p>\n\n\n\n<p>El viernes pasado, autoridades municipales brindaron una conferencia de prensa anunciando las fechas de Carnavales 2020. En ese marco, el secretario de Gobierno Jos\u00e9 Solera expres\u00f3, ante la consulta de los medios sobre el tema, que <em>\u201cA nuestro criterio la inversi\u00f3n de Gardelia es una inversi\u00f3n municipal, por lo tanto, los bienes deben ser restituidos al Municipio por la Justicia&#8221;<\/em>.<\/p>\n\n\n\n<figure class=\"wp-block-image\"><img loading=\"lazy\" decoding=\"async\" width=\"1024\" height=\"576\" src=\"https:\/\/arroyitoonline.com.ar\/wp-content\/uploads\/2020\/01\/conferencia-de-prensa-carnavales-1024x576.jpg\" alt=\"\" class=\"wp-image-7323\" srcset=\"https:\/\/arroyitoonline.com.ar\/wp-content\/uploads\/2020\/01\/conferencia-de-prensa-carnavales-1024x576.jpg 1024w, https:\/\/arroyitoonline.com.ar\/wp-content\/uploads\/2020\/01\/conferencia-de-prensa-carnavales-300x169.jpg 300w, https:\/\/arroyitoonline.com.ar\/wp-content\/uploads\/2020\/01\/conferencia-de-prensa-carnavales-768x432.jpg 768w, https:\/\/arroyitoonline.com.ar\/wp-content\/uploads\/2020\/01\/conferencia-de-prensa-carnavales.jpg 2048w\" sizes=\"auto, (max-width: 1024px) 100vw, 1024px\" \/><figcaption><em>De izquierda a derecha: H\u00e9ctor Vega, Jos\u00e9 Solera, Ver\u00f3nica Maritano y Elizabeth Ferreyra.<\/em><\/figcaption><\/figure>\n\n\n\n<p>En este sentido, la actual gesti\u00f3n ya envi\u00f3 una carta documento solicitando que se devuelvan los elementos de la que fuera llamada comparsa municipal ya que, seg\u00fan el funcionario, tienen documentaci\u00f3n para demostrar que (los bienes de Gardelia) <em>\u201cson municipales\u201d<\/em>.  <\/p>\n\n\n\n<p>Foto de portada de archivo Prensa Municipal gesti\u00f3n Cravero.<\/p>\n","protected":false},"excerpt":{"rendered":"<p>El elenco ya cuenta con 22 bailarinas. Adem\u00e1s, persiste el conflicto con Gardelia, ya que le solicitan la restituci\u00f3n de&hellip;<\/p>\n","protected":false},"author":3,"featured_media":7321,"comment_status":"closed","ping_status":"open","sticky":false,"template":"","format":"standard","meta":{"footnotes":""},"categories":[826],"tags":[66,67,836,155,221,351,862,555,556,572],"class_list":["post-7317","post","type-post","status-publish","format-standard","has-post-thumbnail","hentry","category-espectaculos-online","tag-arroyito","tag-arroyito-cordoba","tag-arroyito-online","tag-carnaval","tag-comparsas","tag-espectaculos","tag-espectaculos-online","tag-municipalidad","tag-municipalidad-de-arroyito","tag-noticias-de-arroyito-y-zona"],"_links":{"self":[{"href":"https:\/\/arroyitoonline.com.ar\/index.php?rest_route=\/wp\/v2\/posts\/7317","targetHints":{"allow":["GET"]}}],"collection":[{"href":"https:\/\/arroyitoonline.com.ar\/index.php?rest_route=\/wp\/v2\/posts"}],"about":[{"href":"https:\/\/arroyitoonline.com.ar\/index.php?rest_route=\/wp\/v2\/types\/post"}],"author":[{"embeddable":true,"href":"https:\/\/arroyitoonline.com.ar\/index.php?rest_route=\/wp\/v2\/users\/3"}],"replies":[{"embeddable":true,"href":"https:\/\/arroyitoonline.com.ar\/index.php?rest_route=%2Fwp%2Fv2%2Fcomments&post=7317"}],"version-history":[{"count":1,"href":"https:\/\/arroyitoonline.com.ar\/index.php?rest_route=\/wp\/v2\/posts\/7317\/revisions"}],"predecessor-version":[{"id":7324,"href":"https:\/\/arroyitoonline.com.ar\/index.php?rest_route=\/wp\/v2\/posts\/7317\/revisions\/7324"}],"wp:featuredmedia":[{"embeddable":true,"href":"https:\/\/arroyitoonline.com.ar\/index.php?rest_route=\/wp\/v2\/media\/7321"}],"wp:attachment":[{"href":"https:\/\/arroyitoonline.com.ar\/index.php?rest_route=%2Fwp%2Fv2%2Fmedia&parent=7317"}],"wp:term":[{"taxonomy":"category","embeddable":true,"href":"https:\/\/arroyitoonline.com.ar\/index.php?rest_route=%2Fwp%2Fv2%2Fcategories&post=7317"},{"taxonomy":"post_tag","embeddable":true,"href":"https:\/\/arroyitoonline.com.ar\/index.php?rest_route=%2Fwp%2Fv2%2Ftags&post=7317"}],"curies":[{"name":"wp","href":"https:\/\/api.w.org\/{rel}","templated":true}]}}