{"id":7344,"date":"2020-01-27T14:20:47","date_gmt":"2020-01-27T14:20:47","guid":{"rendered":"https:\/\/arroyitoonline.com.ar\/?p=7344"},"modified":"2020-01-27T17:59:51","modified_gmt":"2020-01-27T17:59:51","slug":"entraron-a-una-casa-ocasionaron-desorden-pero-no-se-llevaron-nada","status":"publish","type":"post","link":"https:\/\/arroyitoonline.com.ar\/?p=7344","title":{"rendered":"Entraron a una casa, ocasionaron desorden, pero no se llevaron nada"},"content":{"rendered":"\n<p><strong>Autores ignorados habr\u00edan roto el sistema de alarmas e ingresado por una ventana que da al fondo de la vivienda.<\/strong><\/p>\n\n\n\n<p>El viernes pasado a las 23:15, la Polic\u00eda fue notificada de un ingreso domiciliario ocurrido sobre calle Rafael N\u00fa\u00f1ez al 900.<\/p>\n\n\n\n<p>El propietario, un hombre de 37 a\u00f1os, se ausent\u00f3 de la casa y, cuando\nregres\u00f3, constat\u00f3 que autores ignorados habr\u00edan roto el sistema de alarmas y\nentrado por una ventana de la habitaci\u00f3n que da al fondo de la vivienda, que\nlimita con todos lotes bald\u00edos.<\/p>\n\n\n\n<p>En su hogar, el due\u00f1o not\u00f3 gran desorden, pero ning\u00fan faltante. A continuaci\u00f3n,\nla Polic\u00eda hizo entrega del procedimiento en la Unidad Judicial, con\nconocimiento de la Fiscal\u00eda de Feria de San Francisco. <\/p>\n\n\n\n<p>Fuente: informe del comisario Inspector Pablo Berardo, jefe de Zona de\nInspecci\u00f3n N\u00b0 4. <\/p>\n","protected":false},"excerpt":{"rendered":"<p>Autores ignorados habr\u00edan roto el sistema de alarmas e ingresado por una ventana que da al fondo de la vivienda.&hellip;<\/p>\n","protected":false},"author":3,"featured_media":3993,"comment_status":"closed","ping_status":"open","sticky":false,"template":"","format":"standard","meta":{"footnotes":""},"categories":[824],"tags":[66,67,836,572,635,637,638,825],"class_list":["post-7344","post","type-post","status-publish","format-standard","has-post-thumbnail","hentry","category-policiales-online","tag-arroyito","tag-arroyito-cordoba","tag-arroyito-online","tag-noticias-de-arroyito-y-zona","tag-policia","tag-policiales","tag-policiales-arroyito","tag-policiales-online"],"_links":{"self":[{"href":"https:\/\/arroyitoonline.com.ar\/index.php?rest_route=\/wp\/v2\/posts\/7344","targetHints":{"allow":["GET"]}}],"collection":[{"href":"https:\/\/arroyitoonline.com.ar\/index.php?rest_route=\/wp\/v2\/posts"}],"about":[{"href":"https:\/\/arroyitoonline.com.ar\/index.php?rest_route=\/wp\/v2\/types\/post"}],"author":[{"embeddable":true,"href":"https:\/\/arroyitoonline.com.ar\/index.php?rest_route=\/wp\/v2\/users\/3"}],"replies":[{"embeddable":true,"href":"https:\/\/arroyitoonline.com.ar\/index.php?rest_route=%2Fwp%2Fv2%2Fcomments&post=7344"}],"version-history":[{"count":1,"href":"https:\/\/arroyitoonline.com.ar\/index.php?rest_route=\/wp\/v2\/posts\/7344\/revisions"}],"predecessor-version":[{"id":7345,"href":"https:\/\/arroyitoonline.com.ar\/index.php?rest_route=\/wp\/v2\/posts\/7344\/revisions\/7345"}],"wp:featuredmedia":[{"embeddable":true,"href":"https:\/\/arroyitoonline.com.ar\/index.php?rest_route=\/wp\/v2\/media\/3993"}],"wp:attachment":[{"href":"https:\/\/arroyitoonline.com.ar\/index.php?rest_route=%2Fwp%2Fv2%2Fmedia&parent=7344"}],"wp:term":[{"taxonomy":"category","embeddable":true,"href":"https:\/\/arroyitoonline.com.ar\/index.php?rest_route=%2Fwp%2Fv2%2Fcategories&post=7344"},{"taxonomy":"post_tag","embeddable":true,"href":"https:\/\/arroyitoonline.com.ar\/index.php?rest_route=%2Fwp%2Fv2%2Ftags&post=7344"}],"curies":[{"name":"wp","href":"https:\/\/api.w.org\/{rel}","templated":true}]}}