{"id":7359,"date":"2020-01-28T14:23:36","date_gmt":"2020-01-28T14:23:36","guid":{"rendered":"https:\/\/arroyitoonline.com.ar\/?p=7359"},"modified":"2020-01-28T14:23:41","modified_gmt":"2020-01-28T14:23:41","slug":"el-municipio-reacondiciona-espacios-del-balneario-y-la-costanera","status":"publish","type":"post","link":"https:\/\/arroyitoonline.com.ar\/?p=7359","title":{"rendered":"El Municipio reacondiciona espacios del Balneario y la Costanera"},"content":{"rendered":"\n<p><strong>Entre los trabajos realizados se encuentran el desmalezado, la reparaci\u00f3n de asadores y escaleras y la remodelaci\u00f3n de los ba\u00f1os, con el agregado de duchas. <\/strong><\/p>\n\n\n\n<p>El Gobierno Municipal, a trav\u00e9s del \u00e1rea de Turismo y Eventos Deportivos, trabaja para la recuperaci\u00f3n de las m\u00e1rgenes del R\u00edo Xanaes, en la zona del Balneario, para el disfrute de los vecinos de la ciudad y de localidades de la zona que nos visitan en esta \u00e9poca estival.<\/p>\n\n\n\n<p>En esta instancia se liber\u00f3 de escombros, se hicieron desmalezado y barrido de hojas a orillas del r\u00edo y a lo largo de la Av. Juan D. Per\u00f3n. Adem\u00e1s se quitaron grandes troncos de \u00e1rboles ca\u00eddos y se limpi\u00f3 la playa.<br><\/p>\n\n\n\n<figure class=\"wp-block-image\"><img loading=\"lazy\" decoding=\"async\" width=\"1024\" height=\"576\" src=\"https:\/\/arroyitoonline.com.ar\/wp-content\/uploads\/2020\/01\/mirador-balneario-1024x576.jpg\" alt=\"\" class=\"wp-image-7362\" srcset=\"https:\/\/arroyitoonline.com.ar\/wp-content\/uploads\/2020\/01\/mirador-balneario.jpg 1024w, https:\/\/arroyitoonline.com.ar\/wp-content\/uploads\/2020\/01\/mirador-balneario-300x169.jpg 300w, https:\/\/arroyitoonline.com.ar\/wp-content\/uploads\/2020\/01\/mirador-balneario-768x432.jpg 768w\" sizes=\"auto, (max-width: 1024px) 100vw, 1024px\" \/><figcaption><em>El \u00e1rea de Turismo y Eventos Deportivos trabaja en el Balneario<\/em><\/figcaption><\/figure>\n\n\n\n<p>Todos los asadores tambi\u00e9n se acondicionaron para que sean utilizados por los visitantes. Lo mismo sucedi\u00f3 con los ba\u00f1os, que se intervinieron con trabajos de alba\u00f1iler\u00eda y pintura, coloc\u00e1ndose duchas e incorporando las puertas faltantes.<\/p>\n\n\n\n<p>Adem\u00e1s se recuperaron las escaleras del sector, ahora sin malezas ni tierra, para\u00a0el descenso y\/o ascenso al r\u00edo con mayor comodidad.<\/p>\n\n\n\n<figure class=\"wp-block-image\"><img loading=\"lazy\" decoding=\"async\" width=\"1024\" height=\"576\" src=\"https:\/\/arroyitoonline.com.ar\/wp-content\/uploads\/2020\/01\/escalera_Balneario-1024x576.jpg\" alt=\"\" class=\"wp-image-7361\" srcset=\"https:\/\/arroyitoonline.com.ar\/wp-content\/uploads\/2020\/01\/escalera_Balneario.jpg 1024w, https:\/\/arroyitoonline.com.ar\/wp-content\/uploads\/2020\/01\/escalera_Balneario-300x169.jpg 300w, https:\/\/arroyitoonline.com.ar\/wp-content\/uploads\/2020\/01\/escalera_Balneario-768x432.jpg 768w\" sizes=\"auto, (max-width: 1024px) 100vw, 1024px\" \/><figcaption><em>Las escaleras fueron recuperadas<\/em><\/figcaption><\/figure>\n\n\n\n<p>Por \u00faltimo, contin\u00faan trabajando en el lugar para que, quienes lo frecuenten, &#8220;tengan una buena estad\u00eda y sea pronto de inter\u00e9s tur\u00edstico para los vecinos de Arroyito y de otros puntos de C\u00f3rdoba y el pa\u00eds&#8221;, se\u00f1alaron desde el Municipio. <\/p>\n\n\n\n<p>Fuente: Prensa Municipal. <\/p>\n","protected":false},"excerpt":{"rendered":"<p>Entre los trabajos realizados se encuentran el desmalezado, la reparaci\u00f3n de asadores y escaleras y la remodelaci\u00f3n de los ba\u00f1os,&hellip;<\/p>\n","protected":false},"author":3,"featured_media":7360,"comment_status":"closed","ping_status":"open","sticky":false,"template":"","format":"standard","meta":{"footnotes":""},"categories":[829],"tags":[66,67,836,95,1069,868,555,556,915,572,690,795],"class_list":["post-7359","post","type-post","status-publish","format-standard","has-post-thumbnail","hentry","category-municipales-online","tag-arroyito","tag-arroyito-cordoba","tag-arroyito-online","tag-balneario","tag-costanera","tag-municipales-online","tag-municipalidad","tag-municipalidad-de-arroyito","tag-municipalidad-de-cordoba","tag-noticias-de-arroyito-y-zona","tag-rio-xanaes","tag-verano"],"_links":{"self":[{"href":"https:\/\/arroyitoonline.com.ar\/index.php?rest_route=\/wp\/v2\/posts\/7359","targetHints":{"allow":["GET"]}}],"collection":[{"href":"https:\/\/arroyitoonline.com.ar\/index.php?rest_route=\/wp\/v2\/posts"}],"about":[{"href":"https:\/\/arroyitoonline.com.ar\/index.php?rest_route=\/wp\/v2\/types\/post"}],"author":[{"embeddable":true,"href":"https:\/\/arroyitoonline.com.ar\/index.php?rest_route=\/wp\/v2\/users\/3"}],"replies":[{"embeddable":true,"href":"https:\/\/arroyitoonline.com.ar\/index.php?rest_route=%2Fwp%2Fv2%2Fcomments&post=7359"}],"version-history":[{"count":1,"href":"https:\/\/arroyitoonline.com.ar\/index.php?rest_route=\/wp\/v2\/posts\/7359\/revisions"}],"predecessor-version":[{"id":7363,"href":"https:\/\/arroyitoonline.com.ar\/index.php?rest_route=\/wp\/v2\/posts\/7359\/revisions\/7363"}],"wp:featuredmedia":[{"embeddable":true,"href":"https:\/\/arroyitoonline.com.ar\/index.php?rest_route=\/wp\/v2\/media\/7360"}],"wp:attachment":[{"href":"https:\/\/arroyitoonline.com.ar\/index.php?rest_route=%2Fwp%2Fv2%2Fmedia&parent=7359"}],"wp:term":[{"taxonomy":"category","embeddable":true,"href":"https:\/\/arroyitoonline.com.ar\/index.php?rest_route=%2Fwp%2Fv2%2Fcategories&post=7359"},{"taxonomy":"post_tag","embeddable":true,"href":"https:\/\/arroyitoonline.com.ar\/index.php?rest_route=%2Fwp%2Fv2%2Ftags&post=7359"}],"curies":[{"name":"wp","href":"https:\/\/api.w.org\/{rel}","templated":true}]}}