{"id":7371,"date":"2020-01-28T20:14:00","date_gmt":"2020-01-28T20:14:00","guid":{"rendered":"https:\/\/arroyitoonline.com.ar\/?p=7371"},"modified":"2020-01-28T20:17:34","modified_gmt":"2020-01-28T20:17:34","slug":"benedetti-hoy-todo-lo-que-se-esta-haciendo-es-con-esfuerzo-y-poca-plata","status":"publish","type":"post","link":"https:\/\/arroyitoonline.com.ar\/?p=7371","title":{"rendered":"Benedetti: &#8220;Hoy todo lo que se est\u00e1 haciendo es con esfuerzo y poca plata&#8221;"},"content":{"rendered":"\n<p><strong>En una charla con Arroyito Online, el intendente habl\u00f3 de sus prioridades, la incorporaci\u00f3n de personal y de c\u00f3mo la crisis nacional afecta a nuestra ciudad.<\/strong><\/p>\n\n\n\n<p><em>Primera parte<\/em><\/p>\n\n\n\n<p>Gustavo Benedetti cumplir\u00e1, el pr\u00f3ximo 12 de febrero, el segundo mes al frente de la que es su tercera gesti\u00f3n discontinuada en la Municipalidad de Arroyito. En una charla con <strong>Arroyito Online<\/strong>, el intendente habl\u00f3 sobre prioridades, crisis, incorporaci\u00f3n de personal, Costanera, controles vehiculares, ruidos molestos, prohibici\u00f3n de la venta de alcohol a menores, finanzas y tasas municipales.<\/p>\n\n\n\n<p>Seg\u00fan el propio primer mandatario, las mayores dificultades que se le presentan en estos d\u00edas, son las econ\u00f3micas, que incluyen el cumplimiento de obligaciones con empleados y proveedores. A estos \u00faltimos se les adeudar\u00edan entre $14 y $15 millones. A los m\u00e1s chicos se les est\u00e1 pagando con el ingreso diario, mientras que los grandes reciben cheques a 30, 60 y 90 d\u00edas.<\/p>\n\n\n\n<p><em>&#8220;Yo apuesto a recaudar con toda la plata de deuda que est\u00e1 en la calle facilitando la posibilidad de recuperar y que la gente se quede un poco al d\u00eda&#8221;<\/em>, remarc\u00f3 Benedetti, para referirse a los planes de pago vigentes implementados con miras a que regrese al Municipio, al menos una parte, de los $200 millones que los contribuyentes deben.<\/p>\n\n\n\n<p><strong>Presupuesto, Tarifaria y nuevo Art\u00edculo 69\u00a0<\/strong><\/p>\n\n\n\n<p>El 30 de diciembre, en el marco de una pol\u00e9mica <a href=\"https:\/\/arroyitoonline.com.ar\/concejo-deliberante-online\/concejales-oficialistas-aprobaron-el-presupuesto-2020-con-modificaciones-que-la-minoria-desconocia\/\">primera sesi\u00f3n extraordinaria<\/a> del flamante Concejo Deliberante, solo el Oficialismo aprob\u00f3 el presupuesto y la tarifaria 2020. <\/p>\n\n\n\n<p><em>&#8220;Hab\u00eda que aprobarlo lo m\u00e1s r\u00e1pido posible, porque era el \u00faltimo d\u00eda, hab\u00eda que cargar el presupuesto. Si hubi\u00e9semos aprobado el presupuesto viejo era f\u00e1cil porque ya estaba todo cargado. En cambio, nosotros tuvimos que hacer el c\u00e1lculo y a su vez aplicar el art\u00edculo de reducci\u00f3n, que fue lo que demor\u00f3 a la gente de sistemas&#8221;<\/em>, explic\u00f3 el intendente, justificando la negativa al pedido de Wilson Genesio de habilitar un cuarto intermedio para que la Minor\u00eda conociera las modificaciones introducidas por la Mayor\u00eda. <\/p>\n\n\n\n<p>Tambi\u00e9n se refiri\u00f3 a la implementaci\u00f3n del nuevo art\u00edculo 69, cuestionado por su similitud con el derogado 64, para la compensaci\u00f3n de partidas presupuestarias.<\/p>\n\n\n\n<p><em>&#8220;Cada agrupamiento del presupuesto tiene un \u00edtem que es refuerzo de partida, de ah\u00ed pod\u00e9s usar para lo que te falte pero no pod\u00e9s tocar las partidas diferentes. Lo que es parecido es que vos lo pod\u00e9s hacer por decreto, pero solamente el refuerzo de partida. Antes usabas todo. El refuerzo de partida lo llevabas para donde quer\u00edas y despu\u00e9s, a su vez, pod\u00edas modificar. Ahora no pod\u00e9s tocar. Lo que el Concejo me aprob\u00f3 para gastar en Hogar de Ancianos, tengo que gastarlo en Hogar de Ancianos y sino tengo que ir al Concejo a decir `En el Hogar de Ancianos me sobra plata, la quiero poner en veredas, y ah\u00ed tiene que aprobar el Concejo\u00b4&#8221;<\/em>,\u00a0manifest\u00f3\u00a0al\u00a0respecto.<\/p>\n\n\n\n<p>Adem\u00e1s, Benedetti defendi\u00f3 la mega moratoria, que permite la obtenci\u00f3n del 90% de ahorro en intereses devengados si se saldan deudas por tasas en un solo pago, y un <a href=\"https:\/\/arroyitoonline.com.ar\/municipales-online\/el-plan-de-regularizacion-de-multas-2020-preve-descuentos-de-hasta-el-50-para-quienes-quieran-pagar\/\">descuento de hasta el 50% en el pago de multas atrasadas<\/a>. Si bien puede interpretarse como un beneficio para quienes no est\u00e1n al d\u00eda, tal lo expresado por Benedetti, esta medida est\u00e1 equilibrada por la de no aumentar la tasa a la propiedad beneficiando as\u00ed, a quienes pagan en t\u00e9rmino, que <a href=\"https:\/\/arroyitoonline.com.ar\/municipales-online\/algunas-tasas-y-contribuciones-municipales-de-este-ano-se-pagaran-a-valores-de-2019\/\">abonar\u00e1n su contribuci\u00f3n 2020 a valor de 2019<\/a>. <\/p>\n\n\n\n<p><em>&#8220;La compensaci\u00f3n est\u00e1 de ambos lados. Al que debe le damos el plan de pagos accesible. Y el que est\u00e1 al d\u00eda tiene la ventaja de que si paga este a\u00f1o, lo paga a valor del a\u00f1o pasado&#8221;<\/em>, indic\u00f3 el jefe municipal.<\/p>\n\n\n\n<p>Por \u00faltimo, asever\u00f3 que <em>&#8220;tenemos las partidas llenas pero no tenemos plata. Hoy todo lo que se est\u00e1 haciendo es con esfuerzo y poca plata&#8221;<\/em>. <\/p>\n\n\n\n<p><em>Final de la primera parte<\/em><\/p>\n","protected":false},"excerpt":{"rendered":"<p>En una charla con Arroyito Online, el intendente habl\u00f3 de sus prioridades, la incorporaci\u00f3n de personal y de c\u00f3mo la&hellip;<\/p>\n","protected":false},"author":3,"featured_media":7372,"comment_status":"closed","ping_status":"open","sticky":false,"template":"","format":"standard","meta":{"footnotes":""},"categories":[8],"tags":[66,67,836,115,968,868,555,556,572,640],"class_list":["post-7371","post","type-post","status-publish","format-standard","has-post-thumbnail","hentry","category-politica","tag-arroyito","tag-arroyito-cordoba","tag-arroyito-online","tag-benedetti","tag-gustavo-benedetti","tag-municipales-online","tag-municipalidad","tag-municipalidad-de-arroyito","tag-noticias-de-arroyito-y-zona","tag-politica"],"_links":{"self":[{"href":"https:\/\/arroyitoonline.com.ar\/index.php?rest_route=\/wp\/v2\/posts\/7371","targetHints":{"allow":["GET"]}}],"collection":[{"href":"https:\/\/arroyitoonline.com.ar\/index.php?rest_route=\/wp\/v2\/posts"}],"about":[{"href":"https:\/\/arroyitoonline.com.ar\/index.php?rest_route=\/wp\/v2\/types\/post"}],"author":[{"embeddable":true,"href":"https:\/\/arroyitoonline.com.ar\/index.php?rest_route=\/wp\/v2\/users\/3"}],"replies":[{"embeddable":true,"href":"https:\/\/arroyitoonline.com.ar\/index.php?rest_route=%2Fwp%2Fv2%2Fcomments&post=7371"}],"version-history":[{"count":4,"href":"https:\/\/arroyitoonline.com.ar\/index.php?rest_route=\/wp\/v2\/posts\/7371\/revisions"}],"predecessor-version":[{"id":7377,"href":"https:\/\/arroyitoonline.com.ar\/index.php?rest_route=\/wp\/v2\/posts\/7371\/revisions\/7377"}],"wp:featuredmedia":[{"embeddable":true,"href":"https:\/\/arroyitoonline.com.ar\/index.php?rest_route=\/wp\/v2\/media\/7372"}],"wp:attachment":[{"href":"https:\/\/arroyitoonline.com.ar\/index.php?rest_route=%2Fwp%2Fv2%2Fmedia&parent=7371"}],"wp:term":[{"taxonomy":"category","embeddable":true,"href":"https:\/\/arroyitoonline.com.ar\/index.php?rest_route=%2Fwp%2Fv2%2Fcategories&post=7371"},{"taxonomy":"post_tag","embeddable":true,"href":"https:\/\/arroyitoonline.com.ar\/index.php?rest_route=%2Fwp%2Fv2%2Ftags&post=7371"}],"curies":[{"name":"wp","href":"https:\/\/api.w.org\/{rel}","templated":true}]}}