{"id":7378,"date":"2020-01-29T13:02:15","date_gmt":"2020-01-29T13:02:15","guid":{"rendered":"https:\/\/arroyitoonline.com.ar\/?p=7378"},"modified":"2020-01-29T13:02:21","modified_gmt":"2020-01-29T13:02:21","slug":"se-concreto-la-primera-gran-noche-de-carnavales-municipales-2020","status":"publish","type":"post","link":"https:\/\/arroyitoonline.com.ar\/?p=7378","title":{"rendered":"Se concret\u00f3 la primera gran noche de Carnavales Municipales 2020"},"content":{"rendered":"\n<p><strong>Adem\u00e1s del debut de la nueva Comparsa Municipal, hubo m\u00fasica en vivo y la presencia de formaciones de Tr\u00e1nsito, Marull, El T\u00edo y R\u00edo Primero.<\/strong><\/p>\n\n\n\n<p>El s\u00e1bado pasado, el color y\u00a0la alegr\u00eda colmaron el Cors\u00f3dromo Municipal de Av. Pont\u00edn. Cientos de bailarines, m\u00fasicos y artistas participaron de la primera noche del Carnavales 2020 en nuestra ciudad.\u00a0Las palabras del intendente, Gustavo Benedetti, y de la viceintendente, Mar\u00eda Jos\u00e9 Esp\u00f3sito, dieron inicio a esta fiesta para las familias y amigos.<br><\/p>\n\n\n\n<p>Este espect\u00e1culo, que fue organizado a trav\u00e9s de la secretar\u00eda de Educaci\u00f3n y Cultura, la Casa de la Cultura y gran cantidad de colaboradores, cont\u00f3 con el despliegue de comparsas y batucadas de Tr\u00e1nsito, Marull, El T\u00edo\u00a0y R\u00edo Primero y la participaci\u00f3n de las formaciones locales, que incluy\u00f3 el debut de la Comparsa Municipal de Arroyito.<\/p>\n\n\n\n<p>Adem\u00e1s, en materia musical, se presentaron en vivo la banda de cuarteto Intenso y Jesica Pastore, que musicalizaron la noche contando tambi\u00e9n con la presencia de la Reina de la Fiesta Nacional de la Dulce Ciudad del Pa\u00eds y de la Reina de la Comparsa Municipal.\u00a0<\/p>\n\n\n\n<p>Fuente: Prensa Municipal. <\/p>\n","protected":false},"excerpt":{"rendered":"<p>Adem\u00e1s del debut de la nueva Comparsa Municipal, hubo m\u00fasica en vivo y la presencia de formaciones de Tr\u00e1nsito, Marull,&hellip;<\/p>\n","protected":false},"author":3,"featured_media":7379,"comment_status":"closed","ping_status":"open","sticky":false,"template":"","format":"standard","meta":{"footnotes":""},"categories":[826],"tags":[66,67,836,155,555,556,572],"class_list":["post-7378","post","type-post","status-publish","format-standard","has-post-thumbnail","hentry","category-espectaculos-online","tag-arroyito","tag-arroyito-cordoba","tag-arroyito-online","tag-carnaval","tag-municipalidad","tag-municipalidad-de-arroyito","tag-noticias-de-arroyito-y-zona"],"_links":{"self":[{"href":"https:\/\/arroyitoonline.com.ar\/index.php?rest_route=\/wp\/v2\/posts\/7378","targetHints":{"allow":["GET"]}}],"collection":[{"href":"https:\/\/arroyitoonline.com.ar\/index.php?rest_route=\/wp\/v2\/posts"}],"about":[{"href":"https:\/\/arroyitoonline.com.ar\/index.php?rest_route=\/wp\/v2\/types\/post"}],"author":[{"embeddable":true,"href":"https:\/\/arroyitoonline.com.ar\/index.php?rest_route=\/wp\/v2\/users\/3"}],"replies":[{"embeddable":true,"href":"https:\/\/arroyitoonline.com.ar\/index.php?rest_route=%2Fwp%2Fv2%2Fcomments&post=7378"}],"version-history":[{"count":1,"href":"https:\/\/arroyitoonline.com.ar\/index.php?rest_route=\/wp\/v2\/posts\/7378\/revisions"}],"predecessor-version":[{"id":7380,"href":"https:\/\/arroyitoonline.com.ar\/index.php?rest_route=\/wp\/v2\/posts\/7378\/revisions\/7380"}],"wp:featuredmedia":[{"embeddable":true,"href":"https:\/\/arroyitoonline.com.ar\/index.php?rest_route=\/wp\/v2\/media\/7379"}],"wp:attachment":[{"href":"https:\/\/arroyitoonline.com.ar\/index.php?rest_route=%2Fwp%2Fv2%2Fmedia&parent=7378"}],"wp:term":[{"taxonomy":"category","embeddable":true,"href":"https:\/\/arroyitoonline.com.ar\/index.php?rest_route=%2Fwp%2Fv2%2Fcategories&post=7378"},{"taxonomy":"post_tag","embeddable":true,"href":"https:\/\/arroyitoonline.com.ar\/index.php?rest_route=%2Fwp%2Fv2%2Ftags&post=7378"}],"curies":[{"name":"wp","href":"https:\/\/api.w.org\/{rel}","templated":true}]}}