{"id":7381,"date":"2020-01-30T03:36:56","date_gmt":"2020-01-30T03:36:56","guid":{"rendered":"https:\/\/arroyitoonline.com.ar\/?p=7381"},"modified":"2020-01-30T03:37:01","modified_gmt":"2020-01-30T03:37:01","slug":"fallecio-el-exintendente-justicialista-rene-o-sueldo","status":"publish","type":"post","link":"https:\/\/arroyitoonline.com.ar\/?p=7381","title":{"rendered":"Falleci\u00f3 el exintendente justicialista Ren\u00e9 O. Sueldo"},"content":{"rendered":"\n<p> <strong>Ten\u00eda 73 a\u00f1os. <\/strong> <strong>Tambi\u00e9n fue legislador provincial por dos per\u00edodos y presidente de instituciones como el CDYCA y la Cespal. <\/strong><\/p>\n\n\n\n<p>Esta tarde se conoci\u00f3 la noticia del fallecimiento del exintendente justicialista Ren\u00e9 Osvaldo Sueldo, a los 73 a\u00f1os, quien gobern\u00f3 la ciudad entre los a\u00f1os 1991 y 1997.<\/p>\n\n\n\n<p>La p\u00e9rdida f\u00edsica del tambi\u00e9n exlegislador provincial por dos per\u00edodos produjo profundo pesar entre vecinos, pol\u00edticos e instituciones, de las que Sueldo particip\u00f3 de manera activa. <\/p>\n\n\n\n<p>Seg\u00fan publica <strong>La Voz de San Justo<\/strong>, el referente peronista sufri\u00f3 un paro card\u00edaco mientras estaba internado en una cl\u00ednica local, producto del desmejoramiento en su salud en el \u00faltimo tiempo. <\/p>\n\n\n\n<p>Los restos mortales del exdirigente ser\u00e1n velados en salas de Av. Mariano Moreno esquina Rafael Bianchi, hasta ma\u00f1ana jueves a las 14:30 horas, cuando los trasladar\u00e1n al edificio municipal, donde permanecer\u00e1n hasta las 17:00, horario fijado para el sepelio en el cementerio, previo oficio religioso de cuerpo presente en la Parroquia Nuestra Se\u00f1ora de la Merced. <\/p>\n\n\n\n<p>Ren\u00e9 no era un intendente de escritorio, sino todo lo contrario, resultaba com\u00fan verlo caminando las calles y frecuentando los caf\u00e9s. Marc\u00f3 un antes y un despu\u00e9s en el plano cultural de la gesti\u00f3n municipal, de la mano de Rosal\u00eda Sachetto. Ser\u00e1 recordado por obras y sucesos trascendentales como el gas natural, los dos hogares de d\u00eda, el anexo sur de la Guarder\u00eda Municipal y el Desaf\u00edo del Xanaes. <\/p>\n\n\n\n<p><strong>Qui\u00e9n era Ren\u00e9 Sueldo<\/strong><\/p>\n\n\n\n<p>Naci\u00f3 en Arroyito el 11 de enero de 1947. Hijo de Ram\u00f3n Alonzo Sueldo y Rosa Bautista Ambrogio, tuvo cuatro hermanos: Graciela, Elma, Eduardo y Adri\u00e1n. <\/p>\n\n\n\n<p>Curs\u00f3 sus estudios primarios en la Escuela Jos\u00e9 Mar\u00eda Paz y los secundarios en la Escuela Dr. Dalmacio V\u00e9lez Sarsfield. A poco de egresar con el t\u00edtulo Perito Mercantil comenz\u00f3 a trabajar como empleado en la sucursal local del Banco de la Provincia de C\u00f3rdoba, donde se desempe\u00f1\u00f3 durante ocho a\u00f1os. Luego se dedic\u00f3 a tareas comerciales, abriendo una semiller\u00eda y, a continuaci\u00f3n, una venta de materiales la construcci\u00f3n.<\/p>\n\n\n\n<p>Amante del Club Deportivo y Cultural Arrroyito, jug\u00f3 al f\u00fatbol en su adolescencia y luego presidi\u00f3 la comisi\u00f3n directiva de la entidad por seis a\u00f1os. Tambi\u00e9n fue presidente del Consejo de Administraci\u00f3n de la Cespal entre 1985 y 1991, renunciando a esa funci\u00f3n, para asumir como intendente.<\/p>\n\n\n\n<p>Adem\u00e1s integr\u00f3 la comisi\u00f3n pro edificio de la Escuela Dr. Dalmacio V\u00e9lez Sarsfield durante 10 a\u00f1os y presidi\u00f3 la Semana de Arroyito a lo largo de ocho ocasiones.<\/p>\n\n\n\n<p>En 1990 se cas\u00f3 con Nelly Ambrosio. En el &#8217;97, luego de desempe\u00f1arse como jefe municipal por dos per\u00edodos, fue elegido senador provincial, por lo que renunci\u00f3 a su cargo de intendente. Despu\u00e9s de que De La Sota reformara la Constituci\u00f3n Provincial continu\u00f3 como legislador, lugar que ocup\u00f3 hasta finales de 2003.<\/p>\n\n\n\n<p>Fue tambi\u00e9n candidato justicialista en las elecciones municipales de 2003, en las que perdi\u00f3 con el actual primer mandatario Gustavo Benedetti. <\/p>\n","protected":false},"excerpt":{"rendered":"<p>Ten\u00eda 73 a\u00f1os. Tambi\u00e9n fue legislador provincial por dos per\u00edodos y presidente de instituciones como el CDYCA y la Cespal.&hellip;<\/p>\n","protected":false},"author":3,"featured_media":7382,"comment_status":"closed","ping_status":"open","sticky":false,"template":"","format":"standard","meta":{"footnotes":""},"categories":[8],"tags":[66,67,836,548,555,556,572,640],"class_list":["post-7381","post","type-post","status-publish","format-standard","has-post-thumbnail","hentry","category-politica","tag-arroyito","tag-arroyito-cordoba","tag-arroyito-online","tag-muerte","tag-municipalidad","tag-municipalidad-de-arroyito","tag-noticias-de-arroyito-y-zona","tag-politica"],"_links":{"self":[{"href":"https:\/\/arroyitoonline.com.ar\/index.php?rest_route=\/wp\/v2\/posts\/7381","targetHints":{"allow":["GET"]}}],"collection":[{"href":"https:\/\/arroyitoonline.com.ar\/index.php?rest_route=\/wp\/v2\/posts"}],"about":[{"href":"https:\/\/arroyitoonline.com.ar\/index.php?rest_route=\/wp\/v2\/types\/post"}],"author":[{"embeddable":true,"href":"https:\/\/arroyitoonline.com.ar\/index.php?rest_route=\/wp\/v2\/users\/3"}],"replies":[{"embeddable":true,"href":"https:\/\/arroyitoonline.com.ar\/index.php?rest_route=%2Fwp%2Fv2%2Fcomments&post=7381"}],"version-history":[{"count":1,"href":"https:\/\/arroyitoonline.com.ar\/index.php?rest_route=\/wp\/v2\/posts\/7381\/revisions"}],"predecessor-version":[{"id":7383,"href":"https:\/\/arroyitoonline.com.ar\/index.php?rest_route=\/wp\/v2\/posts\/7381\/revisions\/7383"}],"wp:featuredmedia":[{"embeddable":true,"href":"https:\/\/arroyitoonline.com.ar\/index.php?rest_route=\/wp\/v2\/media\/7382"}],"wp:attachment":[{"href":"https:\/\/arroyitoonline.com.ar\/index.php?rest_route=%2Fwp%2Fv2%2Fmedia&parent=7381"}],"wp:term":[{"taxonomy":"category","embeddable":true,"href":"https:\/\/arroyitoonline.com.ar\/index.php?rest_route=%2Fwp%2Fv2%2Fcategories&post=7381"},{"taxonomy":"post_tag","embeddable":true,"href":"https:\/\/arroyitoonline.com.ar\/index.php?rest_route=%2Fwp%2Fv2%2Ftags&post=7381"}],"curies":[{"name":"wp","href":"https:\/\/api.w.org\/{rel}","templated":true}]}}