{"id":7384,"date":"2020-01-30T04:12:17","date_gmt":"2020-01-30T04:12:17","guid":{"rendered":"https:\/\/arroyitoonline.com.ar\/?p=7384"},"modified":"2020-01-30T04:12:19","modified_gmt":"2020-01-30T04:12:19","slug":"el-gobierno-municipal-la-ucr-el-pj-y-la-cespal-lamentaron-la-muerte-de-sueldo","status":"publish","type":"post","link":"https:\/\/arroyitoonline.com.ar\/?p=7384","title":{"rendered":"El Gobierno Municipal, la UCR, el PJ y la Cespal lamentaron la muerte de Sueldo"},"content":{"rendered":"\n<p><strong>Instituciones y partidos pol\u00edticos enviaron condolencias por el deceso del exintendente. Rigen dos d\u00edas de duelo con la Bandera Nacional izada a media asta.<\/strong><\/p>\n\n\n\n<p>Tras conocerse, esta tarde, la noticia del deceso de Ren\u00e9 O. Sueldo, a los 73 a\u00f1os, instituciones y partidos pol\u00edticos enviaron sus condolencias. <\/p>\n\n\n\n<p>Tal es el caso del <strong>Gobierno Municipal<\/strong> que, a trav\u00e9s del intendente Gustavo Benedetti, decret\u00f3 dos d\u00edas de duelo <em>&#8220;ante la triste noticia del fallecimiento del Sr. Ren\u00e9 Osvaldo Sueldo, exintendente de la ciudad y legislador provincial, mandato cumplido&#8221;<\/em>. <\/p>\n\n\n\n<p><em>&#8220;En su memoria, el d\u00eda de hoy mi\u00e9rcoles 29 y ma\u00f1ana jueves 30 de enero de 2020, la Bandera Nacional Argentina permanecer\u00e1 izada a media asta en todos los edificios y espacios p\u00fablicos del ejido municipal&#8221;<\/em>, indicaron en un comunicado.<\/p>\n\n\n\n<figure class=\"wp-block-image\"><img loading=\"lazy\" decoding=\"async\" width=\"768\" height=\"1024\" src=\"https:\/\/arroyitoonline.com.ar\/wp-content\/uploads\/2020\/01\/Sr._Ren\u00e9_Osvalo_Sueldo-768x1024.jpeg\" alt=\"\" class=\"wp-image-7385\" srcset=\"https:\/\/arroyitoonline.com.ar\/wp-content\/uploads\/2020\/01\/Sr._Ren\u00e9_Osvalo_Sueldo-768x1024.jpeg 768w, https:\/\/arroyitoonline.com.ar\/wp-content\/uploads\/2020\/01\/Sr._Ren\u00e9_Osvalo_Sueldo-225x300.jpeg 225w, https:\/\/arroyitoonline.com.ar\/wp-content\/uploads\/2020\/01\/Sr._Ren\u00e9_Osvalo_Sueldo.jpeg 774w\" sizes=\"auto, (max-width: 768px) 100vw, 768px\" \/><figcaption><em>El cuadro de Sueldo, que se encuentra colgado en el Municipio<\/em><\/figcaption><\/figure>\n\n\n\n<p>Por su parte, la agrupaci\u00f3n pol\u00edtica que lo cont\u00f3 entre sus militantes, el <strong>Partido Justicialista Circuito Arroyito<\/strong>, mediante su presidenta Alejandra D\u00edaz, envi\u00f3 condolencias a la familia de Ren\u00e9 Osvaldo Sueldo.<\/p>\n\n\n\n<p><em>&#8220;Como militantes peronistas, estamos inmersos en una profunda tristeza por la partida de un gran compa\u00f1ero. Un dirigente que, con su sencillez y humildad, supo llegar a todos. Exintendente de Arroyito y senador provincial por nuestro partido, siempre estuvo profundamente comprometido con las causas sociales. El PJ se une al Decreto de Duelo por 48 horass en su memoria, enviado desde el Municipio. \u00a1Hasta Siempre, Compa\u00f1ero Ren\u00e9!&#8221;<\/em>, se\u00f1alaron.<\/p>\n\n\n\n<p>Adem\u00e1s, la Comisi\u00f3n Directiva de la <strong>Uni\u00f3n C\u00edvica Radical<\/strong> <strong>Circuito Arroyito<\/strong> mand\u00f3 <em>&#8220;un respetuoso saludo a la familia de Ren\u00e9 Osvaldo Sueldo. Desde nuestro partido queremos hacer p\u00fablicas nuestras condolencias como as\u00ed tambi\u00e9n a todos los militantes del PJ Arroyito, ya que Ren\u00e9 fue un gran l\u00edder y ocup\u00f3 importantes cargos en la esfera p\u00fablica local y provincial. Siempre recordaremos a quien hizo tanto por la construcci\u00f3n pol\u00edtica y social de nuestra querida ciudad. La Casa Partidaria se une al decreto de duelo por 48 horas enviado desde el Municipio&#8221;<\/em>.<\/p>\n\n\n\n<figure class=\"wp-block-image\"><img loading=\"lazy\" decoding=\"async\" width=\"710\" height=\"388\" src=\"https:\/\/arroyitoonline.com.ar\/wp-content\/uploads\/2020\/01\/sueldo-cespal.jpg\" alt=\"\" class=\"wp-image-7386\" srcset=\"https:\/\/arroyitoonline.com.ar\/wp-content\/uploads\/2020\/01\/sueldo-cespal.jpg 710w, https:\/\/arroyitoonline.com.ar\/wp-content\/uploads\/2020\/01\/sueldo-cespal-300x164.jpg 300w\" sizes=\"auto, (max-width: 710px) 100vw, 710px\" \/><figcaption><em>Sueldo fue presidente de la Cespal entre los a\u00f1os 1988 y 1991, cuando renunci\u00f3 para asumir como intendente<\/em><\/figcaption><\/figure>\n\n\n\n<p>Por \u00faltimo, el Consejo de Administraci\u00f3n, el personal y los asociados de Cespal <em>&#8220;exteriorizamos nuestro profundo pesar por el fallecimiento de Ren\u00e9 Osvaldo Sueld, expresidente de la Cooperativa (1988 &#8211; 1991) y hacemos llegar a su familia nuestras m\u00e1s sinceras condolencias. Rogamos a Dios les otorgue la fortaleza espiritual necesaria, para sobrellevar esta dolorosa p\u00e9rdida, los acompa\u00f1amos y ofrecemos una misa en su memoria en la Iglesia Nuestra Sra. de la Merced de Arroyito&#8221;<\/em>. <\/p>\n","protected":false},"excerpt":{"rendered":"<p>Instituciones y partidos pol\u00edticos enviaron condolencias por el deceso del exintendente. Rigen dos d\u00edas de duelo con la Bandera Nacional&hellip;<\/p>\n","protected":false},"author":3,"featured_media":7387,"comment_status":"closed","ping_status":"open","sticky":false,"template":"","format":"standard","meta":{"footnotes":""},"categories":[8],"tags":[66,67,836,183,968,548,555,556,572,602,871],"class_list":["post-7384","post","type-post","status-publish","format-standard","has-post-thumbnail","hentry","category-politica","tag-arroyito","tag-arroyito-cordoba","tag-arroyito-online","tag-cespal","tag-gustavo-benedetti","tag-muerte","tag-municipalidad","tag-municipalidad-de-arroyito","tag-noticias-de-arroyito-y-zona","tag-partido-justicialista","tag-radicalismo"],"_links":{"self":[{"href":"https:\/\/arroyitoonline.com.ar\/index.php?rest_route=\/wp\/v2\/posts\/7384","targetHints":{"allow":["GET"]}}],"collection":[{"href":"https:\/\/arroyitoonline.com.ar\/index.php?rest_route=\/wp\/v2\/posts"}],"about":[{"href":"https:\/\/arroyitoonline.com.ar\/index.php?rest_route=\/wp\/v2\/types\/post"}],"author":[{"embeddable":true,"href":"https:\/\/arroyitoonline.com.ar\/index.php?rest_route=\/wp\/v2\/users\/3"}],"replies":[{"embeddable":true,"href":"https:\/\/arroyitoonline.com.ar\/index.php?rest_route=%2Fwp%2Fv2%2Fcomments&post=7384"}],"version-history":[{"count":1,"href":"https:\/\/arroyitoonline.com.ar\/index.php?rest_route=\/wp\/v2\/posts\/7384\/revisions"}],"predecessor-version":[{"id":7388,"href":"https:\/\/arroyitoonline.com.ar\/index.php?rest_route=\/wp\/v2\/posts\/7384\/revisions\/7388"}],"wp:featuredmedia":[{"embeddable":true,"href":"https:\/\/arroyitoonline.com.ar\/index.php?rest_route=\/wp\/v2\/media\/7387"}],"wp:attachment":[{"href":"https:\/\/arroyitoonline.com.ar\/index.php?rest_route=%2Fwp%2Fv2%2Fmedia&parent=7384"}],"wp:term":[{"taxonomy":"category","embeddable":true,"href":"https:\/\/arroyitoonline.com.ar\/index.php?rest_route=%2Fwp%2Fv2%2Fcategories&post=7384"},{"taxonomy":"post_tag","embeddable":true,"href":"https:\/\/arroyitoonline.com.ar\/index.php?rest_route=%2Fwp%2Fv2%2Ftags&post=7384"}],"curies":[{"name":"wp","href":"https:\/\/api.w.org\/{rel}","templated":true}]}}