{"id":7413,"date":"2020-01-30T17:10:10","date_gmt":"2020-01-30T17:10:10","guid":{"rendered":"https:\/\/arroyitoonline.com.ar\/?p=7413"},"modified":"2020-01-30T17:10:13","modified_gmt":"2020-01-30T17:10:13","slug":"la-velez-despidio-al-fallecido-exintendente-rene-o-sueldo","status":"publish","type":"post","link":"https:\/\/arroyitoonline.com.ar\/?p=7413","title":{"rendered":"La V\u00e9lez despidi\u00f3 al fallecido exintendente Ren\u00e9 O. Sueldo"},"content":{"rendered":"\n<p><strong>No solo fue alumno de esa casa, sino que tambi\u00e9n presidi\u00f3, durante 10 a\u00f1os, la Comisi\u00f3n Pro Edificio de la escuela. <\/strong><\/p>\n\n\n\n<p>La comunidad educativa de la Escuela Dr. Dalmacio V\u00e9lez Sarsfield emiti\u00f3 un comunicado, mediante el cual <em>&#8220;acompa\u00f1a con memoria agradecida a los familiares y afectos de Ren\u00e9 Sueldo, fallecido en el d\u00eda de ayer&#8221;<\/em>. <\/p>\n\n\n\n<p>Ren\u00e9 fue alumno de esa casa, entre 1960 y 1964, cuando a\u00fan no pose\u00edan edificio propio y las actividades escolares se desarrollaban en la Escuela Manuel Belgrano.<\/p>\n\n\n\n<p>Quiz\u00e1s esa vivencia lo impuls\u00f3 a a que presidiera, durante una d\u00e9cada, la Comisi\u00f3n Pro Edificio, el que fue inaugurado en 1978 [y, en la actualidad, lo ocupan los Niveles Inicial y Primario].<\/p>\n\n\n\n<p>Adem\u00e1s, en 1990, ya como presidente del Consejo de Administraci\u00f3n de la Cespal, fue quien dej\u00f3 inaugurado y entreg\u00f3 a la comisi\u00f3n que administra la V\u00e9lez, el inmueble que ocupan sus Niveles Secundario y Superior.<\/p>\n\n\n\n<p>Fueron sus compa\u00f1eros de la Promoci\u00f3n 64 de Bachilleres Peritos Mercantiles: Eduardo \u00c1lvarez, Jos\u00e9 Santos Ayet, Arturo Barbero, Norma Bonetto, Ra\u00fal Cagnolo, Rogelio Carpeno, Norberto Casado, \u00cdtalo Filipini, Jorge Omar Griffa, Miguel Ju\u00e1rez, Domingo Miani, Mario Pieroni y H\u00e9ctor Taborda.<\/p>\n\n\n\n<p>Foto: gentileza de\u00a0Canaltres Arroyito.<\/p>\n","protected":false},"excerpt":{"rendered":"<p>No solo fue alumno de esa casa, sino que tambi\u00e9n presidi\u00f3, durante 10 a\u00f1os, la Comisi\u00f3n Pro Edificio de la&hellip;<\/p>\n","protected":false},"author":3,"featured_media":7414,"comment_status":"closed","ping_status":"open","sticky":false,"template":"","format":"standard","meta":{"footnotes":""},"categories":[900],"tags":[66,67,836,888,548,555,556,572,793],"class_list":["post-7413","post","type-post","status-publish","format-standard","has-post-thumbnail","hentry","category-noticias","tag-arroyito","tag-arroyito-cordoba","tag-arroyito-online","tag-escuela-dr-dalmacio-velez-sarsfield","tag-muerte","tag-municipalidad","tag-municipalidad-de-arroyito","tag-noticias-de-arroyito-y-zona","tag-velez-sarsfield"],"_links":{"self":[{"href":"https:\/\/arroyitoonline.com.ar\/index.php?rest_route=\/wp\/v2\/posts\/7413","targetHints":{"allow":["GET"]}}],"collection":[{"href":"https:\/\/arroyitoonline.com.ar\/index.php?rest_route=\/wp\/v2\/posts"}],"about":[{"href":"https:\/\/arroyitoonline.com.ar\/index.php?rest_route=\/wp\/v2\/types\/post"}],"author":[{"embeddable":true,"href":"https:\/\/arroyitoonline.com.ar\/index.php?rest_route=\/wp\/v2\/users\/3"}],"replies":[{"embeddable":true,"href":"https:\/\/arroyitoonline.com.ar\/index.php?rest_route=%2Fwp%2Fv2%2Fcomments&post=7413"}],"version-history":[{"count":1,"href":"https:\/\/arroyitoonline.com.ar\/index.php?rest_route=\/wp\/v2\/posts\/7413\/revisions"}],"predecessor-version":[{"id":7415,"href":"https:\/\/arroyitoonline.com.ar\/index.php?rest_route=\/wp\/v2\/posts\/7413\/revisions\/7415"}],"wp:featuredmedia":[{"embeddable":true,"href":"https:\/\/arroyitoonline.com.ar\/index.php?rest_route=\/wp\/v2\/media\/7414"}],"wp:attachment":[{"href":"https:\/\/arroyitoonline.com.ar\/index.php?rest_route=%2Fwp%2Fv2%2Fmedia&parent=7413"}],"wp:term":[{"taxonomy":"category","embeddable":true,"href":"https:\/\/arroyitoonline.com.ar\/index.php?rest_route=%2Fwp%2Fv2%2Fcategories&post=7413"},{"taxonomy":"post_tag","embeddable":true,"href":"https:\/\/arroyitoonline.com.ar\/index.php?rest_route=%2Fwp%2Fv2%2Ftags&post=7413"}],"curies":[{"name":"wp","href":"https:\/\/api.w.org\/{rel}","templated":true}]}}