{"id":7433,"date":"2020-02-03T13:32:32","date_gmt":"2020-02-03T13:32:32","guid":{"rendered":"https:\/\/arroyitoonline.com.ar\/?p=7433"},"modified":"2020-02-03T13:52:27","modified_gmt":"2020-02-03T13:52:27","slug":"se-pondra-en-marcha-una-posta-policial-en-el-fuertecito","status":"publish","type":"post","link":"https:\/\/arroyitoonline.com.ar\/?p=7433","title":{"rendered":"Se pondr\u00e1 en marcha una posta policial en El Fuertecito"},"content":{"rendered":"\n<p><strong>Esta gesti\u00f3n, que fue iniciada hace a\u00f1os, se concretar\u00e1 gracias al trabajo conjunto entre fuerzas de seguridad y los Gobiernos Municipal y Provincial. <\/strong><\/p>\n\n\n\n<p>El intendente municipal Gustavo Benedetti anticip\u00f3 la puesta en marcha de un nuevo puesto policial que se instalar\u00e1 en El Fuertecito, a ra\u00edz de la reuni\u00f3n que mantuvo con el ministro de Seguridad de la Provincia de C\u00f3rdoba, Alfonso Mosquera. Se trata de una de las gestiones realizadas, desde hace varios a\u00f1os, en materia de seguridad que se concretar\u00e1 gracias al trabajo en conjunto.<\/p>\n\n\n\n<p>Por este motivo, el martes 28 de enero, Benedetti se reuni\u00f3 con las m\u00e1ximas autoridades de la Polic\u00eda de la Provincia de C\u00f3rdoba: director General Departamentales Norte, comisario Mayor Leonardo P\u00e1ez Stelmach; director General Patrullas Rurales, comisario Mayor Pablo Michel\u00edn; director (I) Departamental San Justo, comisario Mayor Mauricio Rantica; jefe Patrullas Rurales San Justo, comisario Inspector Mart\u00edn Ferreyra y jefe de Zona N\u00b0 4, comisario Inspector Pablo Berardo.<\/p>\n\n\n\n<p>En ese encuentro de trabajo se trataron dos modalidades para el abordaje de la puesta en marcha de la posta policial en el vecino paraje: por una parte, que pueda depender de Patrullas Rurales o, la segunda, del Distrito Arroyito.<\/p>\n\n\n\n<p>Adem\u00e1s, la instalaci\u00f3n de esta posta se concretar\u00e1 en un inmueble municipal ubicado en El Fuertecito y que la puesta en marcha de esta gesti\u00f3n conlleva el patrullaje policial por zona rural.<\/p>\n\n\n\n<p>Por \u00faltimo, el intendente acompa\u00f1ado del secretario de Gobierno Jos\u00e9 Omar Solera, delcoordinador General de Gabinete Mart\u00edn Ar\u00e9valo y junto a las autoridades policiales mencionadas, se trasladaron a El Fuertecito, donde recorrieron las instalaciones del edificio con el que contar\u00e1 la nueva posta policial.&nbsp;<\/p>\n\n\n\n<p>En ese marco, Gustavo Benedetti resalt\u00f3 la importancia de la seguridad como pol\u00edtica primaria para la calidad de vida de los vecinos.<\/p>\n\n\n\n<p>Fuente: Prensa Municipal. <\/p>\n","protected":false},"excerpt":{"rendered":"<p>Esta gesti\u00f3n, que fue iniciada hace a\u00f1os, se concretar\u00e1 gracias al trabajo conjunto entre fuerzas de seguridad y los Gobiernos&hellip;<\/p>\n","protected":false},"author":3,"featured_media":7434,"comment_status":"closed","ping_status":"open","sticky":false,"template":"","format":"standard","meta":{"footnotes":""},"categories":[824],"tags":[66,67,836,115,315,404,405,968,572,635,637,638,825,723],"class_list":["post-7433","post","type-post","status-publish","format-standard","has-post-thumbnail","hentry","category-policiales-online","tag-arroyito","tag-arroyito-cordoba","tag-arroyito-online","tag-benedetti","tag-el-fuertecito","tag-gobierno-de-cordoba","tag-gobierno-de-la-provincia","tag-gustavo-benedetti","tag-noticias-de-arroyito-y-zona","tag-policia","tag-policiales","tag-policiales-arroyito","tag-policiales-online","tag-seguridad"],"_links":{"self":[{"href":"https:\/\/arroyitoonline.com.ar\/index.php?rest_route=\/wp\/v2\/posts\/7433","targetHints":{"allow":["GET"]}}],"collection":[{"href":"https:\/\/arroyitoonline.com.ar\/index.php?rest_route=\/wp\/v2\/posts"}],"about":[{"href":"https:\/\/arroyitoonline.com.ar\/index.php?rest_route=\/wp\/v2\/types\/post"}],"author":[{"embeddable":true,"href":"https:\/\/arroyitoonline.com.ar\/index.php?rest_route=\/wp\/v2\/users\/3"}],"replies":[{"embeddable":true,"href":"https:\/\/arroyitoonline.com.ar\/index.php?rest_route=%2Fwp%2Fv2%2Fcomments&post=7433"}],"version-history":[{"count":4,"href":"https:\/\/arroyitoonline.com.ar\/index.php?rest_route=\/wp\/v2\/posts\/7433\/revisions"}],"predecessor-version":[{"id":7460,"href":"https:\/\/arroyitoonline.com.ar\/index.php?rest_route=\/wp\/v2\/posts\/7433\/revisions\/7460"}],"wp:featuredmedia":[{"embeddable":true,"href":"https:\/\/arroyitoonline.com.ar\/index.php?rest_route=\/wp\/v2\/media\/7434"}],"wp:attachment":[{"href":"https:\/\/arroyitoonline.com.ar\/index.php?rest_route=%2Fwp%2Fv2%2Fmedia&parent=7433"}],"wp:term":[{"taxonomy":"category","embeddable":true,"href":"https:\/\/arroyitoonline.com.ar\/index.php?rest_route=%2Fwp%2Fv2%2Fcategories&post=7433"},{"taxonomy":"post_tag","embeddable":true,"href":"https:\/\/arroyitoonline.com.ar\/index.php?rest_route=%2Fwp%2Fv2%2Ftags&post=7433"}],"curies":[{"name":"wp","href":"https:\/\/api.w.org\/{rel}","templated":true}]}}