{"id":7461,"date":"2020-02-03T14:15:18","date_gmt":"2020-02-03T14:15:18","guid":{"rendered":"https:\/\/arroyitoonline.com.ar\/?p=7461"},"modified":"2020-02-03T14:15:23","modified_gmt":"2020-02-03T14:15:23","slug":"se-sortearon-los-adherentes-que-conformaran-la-comision-de-seguimiento-de-los-planes-de-viviendas","status":"publish","type":"post","link":"https:\/\/arroyitoonline.com.ar\/?p=7461","title":{"rendered":"Se sortearon los adherentes que conformar\u00e1n la Comisi\u00f3n de Seguimiento de los Planes de Viviendas"},"content":{"rendered":"\n<p><strong>Tambi\u00e9n la integrar\u00e1n, como presidente, Benedetti; los concejales Alejandra D\u00edaz, Jaquelina Ver\u00f3n y Mauricio Cravero; la secretaria de Hacienda, Karem Martorella, y el coordinador de Viviendas, N\u00e9stor Daniel Arroyo.<\/strong><\/p>\n\n\n\n<p>El martes 28 de enero pasado, a las 12:00 horas, mediante un acto p\u00fablico realizado en la Sala de Deliberaciones del edificio municipal, se sortearon los nombres de las personas que integrar\u00e1n, en car\u00e1cter de adherentes, la Comisi\u00f3n de Seguimiento de los Planes Municipales de Viviendas Casa y Casa Social.<\/p>\n\n\n\n<p>Tres adherentes fueron sorteados como Titulares de la Comisi\u00f3n, dos de ellos del Plan Casa y uno del Plan Casa Social. Adem\u00e1s por sorteo se eligieron tres Suplente,  para el ocasional reemplazo respectivo de cada titular.<\/p>\n\n\n\n<p>Los elegidos como Titulares fueron: por el Plan Casa, Marcos Daniel Romero y Cindy Magal\u00ed Pratto; y\u00a0por el Plan Casa Social, Vanesa Stefan\u00eda Canavesio.<\/p>\n\n\n\n<p>Los seleccionados como Suplentes, para la sustituci\u00f3n de Marcos Daniel Romero, fueron Idelso Hilario Villosio, Vanesa Yanina Gorosito y Mayra Andrea Ribet, y para el reemplazo de Cindy Magal\u00ed Pratto: Fabi\u00e1n Atilio Brusa, Mar\u00eda Emilia Zorgniotti y Mabel Haydee Corrado. Por \u00faltimo, para el relevo de Vanesa Stefan\u00eda Canavesio, resultaron sorteados Mar\u00eda Abdina Candiano, Alfredo Adam Varas y Ver\u00f3nica Mariana Atencio.<\/p>\n\n\n\n<p>Por su parte, en este marco, la asesora del \u00e1rea de Desarrollo Urbano y H\u00e1bitat, Daniela Gargantini, expres\u00f3 que <em>\u201cLa funci\u00f3n de los vecinos que integran esta Comisi\u00f3n es la de ser referentes y canales de comunicaci\u00f3n entre los vecinos participantes de los planes y el Municipio. Este rol es de vital importancia para que las pol\u00edticas habitacionales del Municipio vayan mejorando y se adapten a las necesidades de la gente\u201d<\/em>.<\/p>\n\n\n\n<p>La Comisi\u00f3n de Seguimiento de los Planes Municipales de Viviendas ser\u00e1 integrada por los tres adherentes en car\u00e1cter de titulares ya sorteados (o sus respectivos suplentes), por el intendente municipal Gustavo Benedetti como presidente; la secretaria de Econom\u00eda y Finanzas, Karem Martorella; la coordinaci\u00f3n de Viviendas, N\u00e9stor Daniel Arroyo; en representaci\u00f3n del Bloque Oficialista del Concejo Deliberante, Alejandra Diaz y Jaquelina Ver\u00f3n, y, en representaci\u00f3n de la totalidad de la minor\u00eda de los bloques del Concejo Deliberante, Mauricio Cravero.<\/p>\n\n\n\n<p>Fuente: Prensa Municipal. <\/p>\n","protected":false},"excerpt":{"rendered":"<p>Tambi\u00e9n la integrar\u00e1n, como presidente, Benedetti; los concejales Alejandra D\u00edaz, Jaquelina Ver\u00f3n y Mauricio Cravero; la secretaria de Hacienda, Karem&hellip;<\/p>\n","protected":false},"author":3,"featured_media":7462,"comment_status":"closed","ping_status":"open","sticky":false,"template":"","format":"standard","meta":{"footnotes":""},"categories":[1044],"tags":[66,67,836,891,227,968,527,868,555,556,572,578,624,625,813],"class_list":["post-7461","post","type-post","status-publish","format-standard","has-post-thumbnail","hentry","category-obras-publicas","tag-arroyito","tag-arroyito-cordoba","tag-arroyito-online","tag-concejales","tag-concejo-deliberante","tag-gustavo-benedetti","tag-mauricio-cravero","tag-municipales-online","tag-municipalidad","tag-municipalidad-de-arroyito","tag-noticias-de-arroyito-y-zona","tag-obras-publicas","tag-plan-casa","tag-plan-casa-social","tag-viviendas"],"_links":{"self":[{"href":"https:\/\/arroyitoonline.com.ar\/index.php?rest_route=\/wp\/v2\/posts\/7461","targetHints":{"allow":["GET"]}}],"collection":[{"href":"https:\/\/arroyitoonline.com.ar\/index.php?rest_route=\/wp\/v2\/posts"}],"about":[{"href":"https:\/\/arroyitoonline.com.ar\/index.php?rest_route=\/wp\/v2\/types\/post"}],"author":[{"embeddable":true,"href":"https:\/\/arroyitoonline.com.ar\/index.php?rest_route=\/wp\/v2\/users\/3"}],"replies":[{"embeddable":true,"href":"https:\/\/arroyitoonline.com.ar\/index.php?rest_route=%2Fwp%2Fv2%2Fcomments&post=7461"}],"version-history":[{"count":1,"href":"https:\/\/arroyitoonline.com.ar\/index.php?rest_route=\/wp\/v2\/posts\/7461\/revisions"}],"predecessor-version":[{"id":7463,"href":"https:\/\/arroyitoonline.com.ar\/index.php?rest_route=\/wp\/v2\/posts\/7461\/revisions\/7463"}],"wp:featuredmedia":[{"embeddable":true,"href":"https:\/\/arroyitoonline.com.ar\/index.php?rest_route=\/wp\/v2\/media\/7462"}],"wp:attachment":[{"href":"https:\/\/arroyitoonline.com.ar\/index.php?rest_route=%2Fwp%2Fv2%2Fmedia&parent=7461"}],"wp:term":[{"taxonomy":"category","embeddable":true,"href":"https:\/\/arroyitoonline.com.ar\/index.php?rest_route=%2Fwp%2Fv2%2Fcategories&post=7461"},{"taxonomy":"post_tag","embeddable":true,"href":"https:\/\/arroyitoonline.com.ar\/index.php?rest_route=%2Fwp%2Fv2%2Ftags&post=7461"}],"curies":[{"name":"wp","href":"https:\/\/api.w.org\/{rel}","templated":true}]}}