{"id":7469,"date":"2020-02-03T17:47:39","date_gmt":"2020-02-03T17:47:39","guid":{"rendered":"https:\/\/arroyitoonline.com.ar\/?p=7469"},"modified":"2020-02-03T17:47:40","modified_gmt":"2020-02-03T17:47:40","slug":"una-motociclista-resulto-herida-tras-chocar-con-un-ford-focus","status":"publish","type":"post","link":"https:\/\/arroyitoonline.com.ar\/?p=7469","title":{"rendered":"Una motociclista result\u00f3 herida tras chocar con un Ford Focus"},"content":{"rendered":"\n<p><strong>Aunque no corre peligro su vida, la joven de 19 a\u00f1os sufri\u00f3 lesiones varias de car\u00e1cter reservado.<\/strong><\/p>\n\n\n\n<p>A las 7:00 horas de ayer se produjo un accidente de tr\u00e1nsito en la intersecci\u00f3n de la Av. Ricardo Alfons\u00edn con la calle Jos\u00e9 Gim\u00e9nez Lagos.<\/p>\n\n\n\n<p>Un Ford Focus bord\u00f3, conducido por un joven (23) de Las Varillas,\ncirculaba por Alfons\u00edn en sentido de norte a sur. Cuando lleg\u00f3 a la esquina de\nGim\u00e9nez Lagos colision\u00f3 con una moto Gilera de 70 CC de color rojo sin dominio\nvisible cuya conductora, que tiene 19 a\u00f1os y es de Arroyito, andaba en\ndirecci\u00f3n de este a oeste.<\/p>\n\n\n\n<p>A continuaci\u00f3n, el servicio de emergencias traslad\u00f3 a la chica que manejaba el rodado menor al hospital municipal, donde fue asistida, resultando con lesiones varias de car\u00e1cter reservado, no corriendo peligro su vida.<\/p>\n\n\n\n<p>Fuente: informe del jefe de Zona de Inspecci\u00f3n N\u00b0 4 \u2013 Crio. Insp. Pablo Berardo.  <\/p>\n","protected":false},"excerpt":{"rendered":"<p>Aunque no corre peligro su vida, la joven de 19 a\u00f1os sufri\u00f3 lesiones varias de car\u00e1cter reservado. A las 7:00&hellip;<\/p>\n","protected":false},"author":3,"featured_media":3993,"comment_status":"closed","ping_status":"open","sticky":false,"template":"","format":"standard","meta":{"footnotes":""},"categories":[824],"tags":[66,67,836,191,547,572,635,637,638,825],"class_list":["post-7469","post","type-post","status-publish","format-standard","has-post-thumbnail","hentry","category-policiales-online","tag-arroyito","tag-arroyito-cordoba","tag-arroyito-online","tag-choque","tag-motos","tag-noticias-de-arroyito-y-zona","tag-policia","tag-policiales","tag-policiales-arroyito","tag-policiales-online"],"_links":{"self":[{"href":"https:\/\/arroyitoonline.com.ar\/index.php?rest_route=\/wp\/v2\/posts\/7469","targetHints":{"allow":["GET"]}}],"collection":[{"href":"https:\/\/arroyitoonline.com.ar\/index.php?rest_route=\/wp\/v2\/posts"}],"about":[{"href":"https:\/\/arroyitoonline.com.ar\/index.php?rest_route=\/wp\/v2\/types\/post"}],"author":[{"embeddable":true,"href":"https:\/\/arroyitoonline.com.ar\/index.php?rest_route=\/wp\/v2\/users\/3"}],"replies":[{"embeddable":true,"href":"https:\/\/arroyitoonline.com.ar\/index.php?rest_route=%2Fwp%2Fv2%2Fcomments&post=7469"}],"version-history":[{"count":1,"href":"https:\/\/arroyitoonline.com.ar\/index.php?rest_route=\/wp\/v2\/posts\/7469\/revisions"}],"predecessor-version":[{"id":7470,"href":"https:\/\/arroyitoonline.com.ar\/index.php?rest_route=\/wp\/v2\/posts\/7469\/revisions\/7470"}],"wp:featuredmedia":[{"embeddable":true,"href":"https:\/\/arroyitoonline.com.ar\/index.php?rest_route=\/wp\/v2\/media\/3993"}],"wp:attachment":[{"href":"https:\/\/arroyitoonline.com.ar\/index.php?rest_route=%2Fwp%2Fv2%2Fmedia&parent=7469"}],"wp:term":[{"taxonomy":"category","embeddable":true,"href":"https:\/\/arroyitoonline.com.ar\/index.php?rest_route=%2Fwp%2Fv2%2Fcategories&post=7469"},{"taxonomy":"post_tag","embeddable":true,"href":"https:\/\/arroyitoonline.com.ar\/index.php?rest_route=%2Fwp%2Fv2%2Ftags&post=7469"}],"curies":[{"name":"wp","href":"https:\/\/api.w.org\/{rel}","templated":true}]}}