{"id":7497,"date":"2020-02-05T12:30:11","date_gmt":"2020-02-05T12:30:11","guid":{"rendered":"https:\/\/arroyitoonline.com.ar\/?p=7497"},"modified":"2020-02-05T12:30:14","modified_gmt":"2020-02-05T12:30:14","slug":"intensas-lluvias-y-fuertes-rafagas-dejaron-arboles-caidos-y-calles-anegadas","status":"publish","type":"post","link":"https:\/\/arroyitoonline.com.ar\/?p=7497","title":{"rendered":"Intensas lluvias y fuertes r\u00e1fagas dejaron \u00e1rboles ca\u00eddos y calles anegadas"},"content":{"rendered":"\n<p><strong>Todav\u00eda hay dificultad para transitar en diversos sectores e inconvenientes con el servicio el\u00e9ctrico. Trabajan Municipio y Cespal. Los vecinos deben respetar las cintas de peligro.<\/strong><\/p>\n\n\n\n<p>Otra vez las intensas lluvias con fuertes r\u00e1fagas de viento y potente actividad el\u00e9ctrica llegaron esta madrugada a Arroyito, tras una jornada de martes agobiante, donde la t\u00e9rmica super\u00f3 los 40\u00b0 C. <\/p>\n\n\n\n<p>A las 7:30 de la ma\u00f1ana, los registros de la divisi\u00f3n Arcor Agropecuaria marcaban la precipitaci\u00f3n de 57 mil\u00edmetros sobre nuestra ciudad. Durante la tormenta, tambi\u00e9n se produjeron algunos cortes intermitentes de luz y el anegamiento de calles. <\/p>\n\n\n\n<p>Por su parte, el viento hizo estragos dejando \u00e1rboles ca\u00eddos en distintos sectores (en Caseros y Trillo, la copa de uno bastante grande tapa toda la calle imposibilitando el tr\u00e1nsito), y hasta dos postes de telefon\u00eda (sobre Av. Dalle Mura, a la altura del boliche Club Leroy) al borde del colapso. <\/p>\n\n\n\n<figure class=\"wp-block-image\"><img loading=\"lazy\" decoding=\"async\" width=\"1024\" height=\"1024\" src=\"https:\/\/arroyitoonline.com.ar\/wp-content\/uploads\/2020\/02\/consejos-por-tormentas-cespal-1024x1024.jpg\" alt=\"\" class=\"wp-image-7498\" srcset=\"https:\/\/arroyitoonline.com.ar\/wp-content\/uploads\/2020\/02\/consejos-por-tormentas-cespal-1024x1024.jpg 1024w, https:\/\/arroyitoonline.com.ar\/wp-content\/uploads\/2020\/02\/consejos-por-tormentas-cespal-150x150.jpg 150w, https:\/\/arroyitoonline.com.ar\/wp-content\/uploads\/2020\/02\/consejos-por-tormentas-cespal-300x300.jpg 300w, https:\/\/arroyitoonline.com.ar\/wp-content\/uploads\/2020\/02\/consejos-por-tormentas-cespal-768x768.jpg 768w, https:\/\/arroyitoonline.com.ar\/wp-content\/uploads\/2020\/02\/consejos-por-tormentas-cespal.jpg 1031w\" sizes=\"auto, (max-width: 1024px) 100vw, 1024px\" \/><figcaption><em>Se prev\u00e9n m\u00e1s tormentas y lluvias para los pr\u00f3ximos d\u00edas, por lo que Cespal hace algunas recomendaciones.<\/em><\/figcaption><\/figure>\n\n\n\n<p>Por este motivo, el Gobierno Municipal de la Ciudad de Arroyito recomienda a la poblaci\u00f3n que no transite por las calles de la ciudad, ni permanezca en el exterior cuidando as\u00ed su integridad.<\/p>\n\n\n\n<p>Por su parte, Cespal, la direcci\u00f3n de Tr\u00e1nsito, Defensa Civil y el Corral\u00f3n Municipal se encuentran trabajando para la seguridad de todos y el ordenamiento de veredas y calles, por lo que algunas de estas \u00faltimas permanecen cortadas con cintas de peligro, que los vecinos deben respetar. <\/p>\n\n\n\n<p>Recomiendan mantener la calma y permanecer en sus hogares. Ante cualquier necesidad o reclamo pueden contactarse al n\u00famero de tel\u00e9fono: 3576 410599.<\/p>\n\n\n\n<p>Adem\u00e1s se recuerda a la poblaci\u00f3n los siguientes n\u00fameros \u00fatiles: <\/p>\n\n\n\n<ul class=\"wp-block-list\"><li>100 Bomberos <\/li><li>101 Polic\u00eda<\/li><li>103 Hospital Municipal<\/li><\/ul>\n\n\n\n<p>Foto de archivo: Prensa Municipal. <\/p>\n","protected":false},"excerpt":{"rendered":"<p>Todav\u00eda hay dificultad para transitar en diversos sectores e inconvenientes con el servicio el\u00e9ctrico. Trabajan Municipio y Cespal. Los vecinos&hellip;<\/p>\n","protected":false},"author":3,"featured_media":7499,"comment_status":"closed","ping_status":"open","sticky":false,"template":"","format":"standard","meta":{"footnotes":""},"categories":[900],"tags":[58,66,67,836,183,501,510,556,572,767,800],"class_list":["post-7497","post","type-post","status-publish","format-standard","has-post-thumbnail","hentry","category-noticias","tag-arboles","tag-arroyito","tag-arroyito-cordoba","tag-arroyito-online","tag-cespal","tag-lluvias","tag-luz","tag-municipalidad-de-arroyito","tag-noticias-de-arroyito-y-zona","tag-tormenta-electrica","tag-viento"],"_links":{"self":[{"href":"https:\/\/arroyitoonline.com.ar\/index.php?rest_route=\/wp\/v2\/posts\/7497","targetHints":{"allow":["GET"]}}],"collection":[{"href":"https:\/\/arroyitoonline.com.ar\/index.php?rest_route=\/wp\/v2\/posts"}],"about":[{"href":"https:\/\/arroyitoonline.com.ar\/index.php?rest_route=\/wp\/v2\/types\/post"}],"author":[{"embeddable":true,"href":"https:\/\/arroyitoonline.com.ar\/index.php?rest_route=\/wp\/v2\/users\/3"}],"replies":[{"embeddable":true,"href":"https:\/\/arroyitoonline.com.ar\/index.php?rest_route=%2Fwp%2Fv2%2Fcomments&post=7497"}],"version-history":[{"count":1,"href":"https:\/\/arroyitoonline.com.ar\/index.php?rest_route=\/wp\/v2\/posts\/7497\/revisions"}],"predecessor-version":[{"id":7500,"href":"https:\/\/arroyitoonline.com.ar\/index.php?rest_route=\/wp\/v2\/posts\/7497\/revisions\/7500"}],"wp:featuredmedia":[{"embeddable":true,"href":"https:\/\/arroyitoonline.com.ar\/index.php?rest_route=\/wp\/v2\/media\/7499"}],"wp:attachment":[{"href":"https:\/\/arroyitoonline.com.ar\/index.php?rest_route=%2Fwp%2Fv2%2Fmedia&parent=7497"}],"wp:term":[{"taxonomy":"category","embeddable":true,"href":"https:\/\/arroyitoonline.com.ar\/index.php?rest_route=%2Fwp%2Fv2%2Fcategories&post=7497"},{"taxonomy":"post_tag","embeddable":true,"href":"https:\/\/arroyitoonline.com.ar\/index.php?rest_route=%2Fwp%2Fv2%2Ftags&post=7497"}],"curies":[{"name":"wp","href":"https:\/\/api.w.org\/{rel}","templated":true}]}}