{"id":7509,"date":"2020-02-06T12:12:51","date_gmt":"2020-02-06T12:12:51","guid":{"rendered":"https:\/\/arroyitoonline.com.ar\/?p=7509"},"modified":"2020-02-06T12:18:33","modified_gmt":"2020-02-06T12:18:33","slug":"benedetti-estuvo-en-el-festival-nacional-de-folclore-de-cosquin","status":"publish","type":"post","link":"https:\/\/arroyitoonline.com.ar\/?p=7509","title":{"rendered":"Benedetti estuvo en el Festival Nacional de Folclore de Cosqu\u00edn"},"content":{"rendered":"\n<p><strong>Fue recibido por su par y anfitri\u00f3n, Gabriel Musso. Estuvo acompa\u00f1ado por otros primeros mandatarios, el legislador Chamorro y el presidente de la Agencia C\u00f3rdoba Turismo, Avil\u00e9s.<\/strong><\/p>\n\n\n\n<p>El martes pasado, el intendente Gustavo Benedetti fue recibido, en el marco del Festival Nacional de Folklore, por su par de Cosqu\u00edn y anfitri\u00f3n del evento, Gabriel Musso, y el legislador de la Provincia de C\u00f3rdoba, Mat\u00edas Chamorro. Adem\u00e1s, los acompa\u00f1\u00f3 el presidente de la Agencia C\u00f3rdoba Turismo, Esteban Avil\u00e9s.<\/p>\n\n\n\n<p>Durante el encuentro, los funcionarios conversaron sobre la agenda local y los desaf\u00edos que tienen por delante en 2020, dada la pr\u00f3xima convocatoria a la Mesa Provincia\u2013Municipios que el gobierno provincial realizar\u00e1.<\/p>\n\n\n\n<p>Es importante resaltar que se est\u00e1 gestando un bloque de tercera posici\u00f3n entre los Municipios de intereses locales multipartidarios, entre los que se encuentra Benedetti, <em>&#8220;en representaci\u00f3n de un espacio amplio y de diferentes ideolog\u00edas, con el fin de defender los derechos de los vecinos y los Municipios&#8221;<\/em>, se\u00f1alaron desde la actual gesti\u00f3n.<\/p>\n\n\n\n<p>En la oportunidad tambi\u00e9n estuvieron presentes los primeros mandatarios Ra\u00fal Figueroa, de De\u00e1n Funes; Daniel G\u00f3mez Gesteira, de Villa Carlos Paz; Paulo Tessio, de Icho Cruz; Fernando Cuassolo, de Saturnino Mar\u00eda de Laspiur, y Alejandro Allende, de La Dormida. <\/p>\n\n\n\n<p>En la ocasi\u00f3n, el legislador Mat\u00edas Chamorro resalt\u00f3 la importancia de la reuni\u00f3n remarcando que <em>\u201cDesde la legislatura de la Provincia vamos a trabajar fuertemente para acompa\u00f1ar a estos intendentes que priorizan la gesti\u00f3n local y que proviniendo de diversos espacios pol\u00edticos ponen por delante el seguir haciendo por sus vecinos\u201d<\/em>.<\/p>\n\n\n\n<p>Fuente: Prensa Municipal. <\/p>\n","protected":false},"excerpt":{"rendered":"<p>Fue recibido por su par y anfitri\u00f3n, Gabriel Musso. Estuvo acompa\u00f1ado por otros primeros mandatarios, el legislador Chamorro y el&hellip;<\/p>\n","protected":false},"author":3,"featured_media":7511,"comment_status":"closed","ping_status":"open","sticky":false,"template":"","format":"standard","meta":{"footnotes":""},"categories":[2],"tags":[66,67,836,115,250,382,404,405,968,572,776],"class_list":["post-7509","post","type-post","status-publish","format-standard","has-post-thumbnail","hentry","category-cultura-y-espectaculos","tag-arroyito","tag-arroyito-cordoba","tag-arroyito-online","tag-benedetti","tag-cosquin","tag-folclore","tag-gobierno-de-cordoba","tag-gobierno-de-la-provincia","tag-gustavo-benedetti","tag-noticias-de-arroyito-y-zona","tag-turismo"],"_links":{"self":[{"href":"https:\/\/arroyitoonline.com.ar\/index.php?rest_route=\/wp\/v2\/posts\/7509","targetHints":{"allow":["GET"]}}],"collection":[{"href":"https:\/\/arroyitoonline.com.ar\/index.php?rest_route=\/wp\/v2\/posts"}],"about":[{"href":"https:\/\/arroyitoonline.com.ar\/index.php?rest_route=\/wp\/v2\/types\/post"}],"author":[{"embeddable":true,"href":"https:\/\/arroyitoonline.com.ar\/index.php?rest_route=\/wp\/v2\/users\/3"}],"replies":[{"embeddable":true,"href":"https:\/\/arroyitoonline.com.ar\/index.php?rest_route=%2Fwp%2Fv2%2Fcomments&post=7509"}],"version-history":[{"count":1,"href":"https:\/\/arroyitoonline.com.ar\/index.php?rest_route=\/wp\/v2\/posts\/7509\/revisions"}],"predecessor-version":[{"id":7512,"href":"https:\/\/arroyitoonline.com.ar\/index.php?rest_route=\/wp\/v2\/posts\/7509\/revisions\/7512"}],"wp:featuredmedia":[{"embeddable":true,"href":"https:\/\/arroyitoonline.com.ar\/index.php?rest_route=\/wp\/v2\/media\/7511"}],"wp:attachment":[{"href":"https:\/\/arroyitoonline.com.ar\/index.php?rest_route=%2Fwp%2Fv2%2Fmedia&parent=7509"}],"wp:term":[{"taxonomy":"category","embeddable":true,"href":"https:\/\/arroyitoonline.com.ar\/index.php?rest_route=%2Fwp%2Fv2%2Fcategories&post=7509"},{"taxonomy":"post_tag","embeddable":true,"href":"https:\/\/arroyitoonline.com.ar\/index.php?rest_route=%2Fwp%2Fv2%2Ftags&post=7509"}],"curies":[{"name":"wp","href":"https:\/\/api.w.org\/{rel}","templated":true}]}}