{"id":7514,"date":"2020-02-06T14:07:09","date_gmt":"2020-02-06T14:07:09","guid":{"rendered":"https:\/\/arroyitoonline.com.ar\/?p=7514"},"modified":"2020-02-06T14:07:14","modified_gmt":"2020-02-06T14:07:14","slug":"se-abrio-la-convocatoria-para-la-solicitud-de-becas-economicas-de-estudio","status":"publish","type":"post","link":"https:\/\/arroyitoonline.com.ar\/?p=7514","title":{"rendered":"Se abri\u00f3 la convocatoria para la solicitud de becas econ\u00f3micas de estudio"},"content":{"rendered":"\n<p><strong>Est\u00e1n disponibles para alumnos de los niveles secundario, terciario y universitario.<\/strong><\/p>\n\n\n\n<p>El Gobierno Municipal de la Ciudad de Arroyito, a trav\u00e9s de la direcci\u00f3n de Promoci\u00f3n Comunitaria y Social, a cargo Anal\u00eda Daperno, abri\u00f3 la convocatoria de solicitud de Becas econ\u00f3micas para la continuidad de los estudios.<\/p>\n\n\n\n<figure class=\"wp-block-image\"><img loading=\"lazy\" decoding=\"async\" width=\"1024\" height=\"1024\" src=\"https:\/\/arroyitoonline.com.ar\/wp-content\/uploads\/2020\/02\/Convocatoria_Abierta_Becas_Econ\u00f3micas-1024x1024.jpeg\" alt=\"\" class=\"wp-image-7515\" srcset=\"https:\/\/arroyitoonline.com.ar\/wp-content\/uploads\/2020\/02\/Convocatoria_Abierta_Becas_Econ\u00f3micas-1024x1024.jpeg 1024w, https:\/\/arroyitoonline.com.ar\/wp-content\/uploads\/2020\/02\/Convocatoria_Abierta_Becas_Econ\u00f3micas-150x150.jpeg 150w, https:\/\/arroyitoonline.com.ar\/wp-content\/uploads\/2020\/02\/Convocatoria_Abierta_Becas_Econ\u00f3micas-300x300.jpeg 300w, https:\/\/arroyitoonline.com.ar\/wp-content\/uploads\/2020\/02\/Convocatoria_Abierta_Becas_Econ\u00f3micas-768x768.jpeg 768w, https:\/\/arroyitoonline.com.ar\/wp-content\/uploads\/2020\/02\/Convocatoria_Abierta_Becas_Econ\u00f3micas.jpeg 1181w\" sizes=\"auto, (max-width: 1024px) 100vw, 1024px\" \/><figcaption><em>Las becas de estudio podr\u00e1n ser requeridas por alumnos de los niveles secundario, terciario y universitario.<\/em><\/figcaption><\/figure>\n\n\n\n<p>Para la gesti\u00f3n de estas ayudas, que podr\u00e1n ser requeridas por estudiantes secundarios, terciarios y universitarios, se solicita que retiren las planillas correspondientes, que luego ser\u00e1n evaluadas. <\/p>\n\n\n\n<p>Las planillas ya est\u00e1n disponibles y pueden retirarse hasta el viernes 14 de febrero, de lunes a viernes, en el horario de 7:30 a 11:00, en la direcci\u00f3n de Promoci\u00f3n Comunitaria y Social, ubicada en calle General Paz 941.<\/p>\n\n\n\n<p>Fuente: Prensa Municipal. <\/p>\n\n\n\n<p>Foto de archivo, a modo ilustrativo.<\/p>\n","protected":false},"excerpt":{"rendered":"<p>Est\u00e1n disponibles para alumnos de los niveles secundario, terciario y universitario. El Gobierno Municipal de la Ciudad de Arroyito, a&hellip;<\/p>\n","protected":false},"author":3,"featured_media":7516,"comment_status":"closed","ping_status":"open","sticky":false,"template":"","format":"standard","meta":{"footnotes":""},"categories":[830],"tags":[66,67,836,947,1079,348,868,555,556,572],"class_list":["post-7514","post","type-post","status-publish","format-standard","has-post-thumbnail","hentry","category-educacion-online","tag-arroyito","tag-arroyito-cordoba","tag-arroyito-online","tag-becas","tag-direccion-de-promocion-comunitaria-y-social","tag-escuelas","tag-municipales-online","tag-municipalidad","tag-municipalidad-de-arroyito","tag-noticias-de-arroyito-y-zona"],"_links":{"self":[{"href":"https:\/\/arroyitoonline.com.ar\/index.php?rest_route=\/wp\/v2\/posts\/7514","targetHints":{"allow":["GET"]}}],"collection":[{"href":"https:\/\/arroyitoonline.com.ar\/index.php?rest_route=\/wp\/v2\/posts"}],"about":[{"href":"https:\/\/arroyitoonline.com.ar\/index.php?rest_route=\/wp\/v2\/types\/post"}],"author":[{"embeddable":true,"href":"https:\/\/arroyitoonline.com.ar\/index.php?rest_route=\/wp\/v2\/users\/3"}],"replies":[{"embeddable":true,"href":"https:\/\/arroyitoonline.com.ar\/index.php?rest_route=%2Fwp%2Fv2%2Fcomments&post=7514"}],"version-history":[{"count":1,"href":"https:\/\/arroyitoonline.com.ar\/index.php?rest_route=\/wp\/v2\/posts\/7514\/revisions"}],"predecessor-version":[{"id":7517,"href":"https:\/\/arroyitoonline.com.ar\/index.php?rest_route=\/wp\/v2\/posts\/7514\/revisions\/7517"}],"wp:featuredmedia":[{"embeddable":true,"href":"https:\/\/arroyitoonline.com.ar\/index.php?rest_route=\/wp\/v2\/media\/7516"}],"wp:attachment":[{"href":"https:\/\/arroyitoonline.com.ar\/index.php?rest_route=%2Fwp%2Fv2%2Fmedia&parent=7514"}],"wp:term":[{"taxonomy":"category","embeddable":true,"href":"https:\/\/arroyitoonline.com.ar\/index.php?rest_route=%2Fwp%2Fv2%2Fcategories&post=7514"},{"taxonomy":"post_tag","embeddable":true,"href":"https:\/\/arroyitoonline.com.ar\/index.php?rest_route=%2Fwp%2Fv2%2Ftags&post=7514"}],"curies":[{"name":"wp","href":"https:\/\/api.w.org\/{rel}","templated":true}]}}