{"id":7518,"date":"2020-02-06T17:48:24","date_gmt":"2020-02-06T17:48:24","guid":{"rendered":"https:\/\/arroyitoonline.com.ar\/?p=7518"},"modified":"2020-02-06T17:48:25","modified_gmt":"2020-02-06T17:48:25","slug":"se-viene-el-espectaculo-aire-arte","status":"publish","type":"post","link":"https:\/\/arroyitoonline.com.ar\/?p=7518","title":{"rendered":"Se viene el espect\u00e1culo Aire Arte"},"content":{"rendered":"\n<p><strong>Se trata de una propuesta de la secretar\u00eda municipal de Educaci\u00f3n y Cultura, que se desarrollar\u00e1 en la Plaza Seberino Gudi\u00f1o.<\/strong><\/p>\n\n\n\n<p>Este domingo 9 de febrero a las 19:00 horas, en la Plaza Seberino Gudi\u00f1o (ubicada en la intersecci\u00f3n de las calles Rafael Bianchi y Antonio Ballatore), la secretar\u00eda municipal de Educaci\u00f3n y Cultura desarrollar\u00e1 el espect\u00e1culo Aire Arte, evento que propone intervenci\u00f3n musical y de danzas.<\/p>\n\n\n\n<figure class=\"wp-block-image\"><img loading=\"lazy\" decoding=\"async\" width=\"1024\" height=\"1024\" src=\"https:\/\/arroyitoonline.com.ar\/wp-content\/uploads\/2020\/02\/Aire_Arte-1024x1024.jpeg\" alt=\"\" class=\"wp-image-7520\" srcset=\"https:\/\/arroyitoonline.com.ar\/wp-content\/uploads\/2020\/02\/Aire_Arte-1024x1024.jpeg 1024w, https:\/\/arroyitoonline.com.ar\/wp-content\/uploads\/2020\/02\/Aire_Arte-150x150.jpeg 150w, https:\/\/arroyitoonline.com.ar\/wp-content\/uploads\/2020\/02\/Aire_Arte-300x300.jpeg 300w, https:\/\/arroyitoonline.com.ar\/wp-content\/uploads\/2020\/02\/Aire_Arte-768x768.jpeg 768w, https:\/\/arroyitoonline.com.ar\/wp-content\/uploads\/2020\/02\/Aire_Arte.jpeg 1181w\" sizes=\"auto, (max-width: 1024px) 100vw, 1024px\" \/><\/figure>\n\n\n\n<p>Participar\u00e1n: Facundo Quiroga, Narradores orales para ni\u00f1os, Ballet del Centro Vecinal Xanaes y Juventud Cuartetera.<\/p>\n\n\n\n<p><em>&#8220;Los esperamos a todos para revalorizar a nuestros artistas y a la cultura local&#8221;<\/em>, invitaron desde la actual gesti\u00f3n.<\/p>\n\n\n\n<p>#Cultura #Verano #2020<\/p>\n\n\n\n<p>Fuente: Prensa Municipal.<\/p>\n","protected":false},"excerpt":{"rendered":"<p>Se trata de una propuesta de la secretar\u00eda municipal de Educaci\u00f3n y Cultura, que se desarrollar\u00e1 en la Plaza Seberino&hellip;<\/p>\n","protected":false},"author":3,"featured_media":7521,"comment_status":"closed","ping_status":"open","sticky":false,"template":"","format":"standard","meta":{"footnotes":""},"categories":[2],"tags":[66,67,836,70,259,864,556,559,572,1080,630],"class_list":["post-7518","post","type-post","status-publish","format-standard","has-post-thumbnail","hentry","category-cultura-y-espectaculos","tag-arroyito","tag-arroyito-cordoba","tag-arroyito-online","tag-arte","tag-cultura","tag-cultura-y-espectaculos-online","tag-municipalidad-de-arroyito","tag-musica","tag-noticias-de-arroyito-y-zona","tag-plaza-seberino-gudino","tag-plazas"],"_links":{"self":[{"href":"https:\/\/arroyitoonline.com.ar\/index.php?rest_route=\/wp\/v2\/posts\/7518","targetHints":{"allow":["GET"]}}],"collection":[{"href":"https:\/\/arroyitoonline.com.ar\/index.php?rest_route=\/wp\/v2\/posts"}],"about":[{"href":"https:\/\/arroyitoonline.com.ar\/index.php?rest_route=\/wp\/v2\/types\/post"}],"author":[{"embeddable":true,"href":"https:\/\/arroyitoonline.com.ar\/index.php?rest_route=\/wp\/v2\/users\/3"}],"replies":[{"embeddable":true,"href":"https:\/\/arroyitoonline.com.ar\/index.php?rest_route=%2Fwp%2Fv2%2Fcomments&post=7518"}],"version-history":[{"count":2,"href":"https:\/\/arroyitoonline.com.ar\/index.php?rest_route=\/wp\/v2\/posts\/7518\/revisions"}],"predecessor-version":[{"id":7522,"href":"https:\/\/arroyitoonline.com.ar\/index.php?rest_route=\/wp\/v2\/posts\/7518\/revisions\/7522"}],"wp:featuredmedia":[{"embeddable":true,"href":"https:\/\/arroyitoonline.com.ar\/index.php?rest_route=\/wp\/v2\/media\/7521"}],"wp:attachment":[{"href":"https:\/\/arroyitoonline.com.ar\/index.php?rest_route=%2Fwp%2Fv2%2Fmedia&parent=7518"}],"wp:term":[{"taxonomy":"category","embeddable":true,"href":"https:\/\/arroyitoonline.com.ar\/index.php?rest_route=%2Fwp%2Fv2%2Fcategories&post=7518"},{"taxonomy":"post_tag","embeddable":true,"href":"https:\/\/arroyitoonline.com.ar\/index.php?rest_route=%2Fwp%2Fv2%2Ftags&post=7518"}],"curies":[{"name":"wp","href":"https:\/\/api.w.org\/{rel}","templated":true}]}}