{"id":7540,"date":"2020-02-07T12:41:47","date_gmt":"2020-02-07T12:41:47","guid":{"rendered":"https:\/\/arroyitoonline.com.ar\/?p=7540"},"modified":"2020-02-07T12:41:52","modified_gmt":"2020-02-07T12:41:52","slug":"la-biblioteca-municipal-popular-almafuerte-reabrio-sus-puertas-tras-el-receso-vacacional","status":"publish","type":"post","link":"https:\/\/arroyitoonline.com.ar\/?p=7540","title":{"rendered":"La Biblioteca Municipal Popular Almafuerte reabri\u00f3 sus puertas tras el receso vacacional"},"content":{"rendered":"\n<p><strong>Los libros que fueron prestados antes de las vacaciones podr\u00e1n devolverse hasta el lunes 17 de febrero. <\/strong><\/p>\n\n\n\n<p>Esta semana, la Biblioteca Municipal Popular Almafuerte abri\u00f3 sus puertas, despu\u00e9s del receso vacacional anual, en su horario habitual, de lunes a viernes de 7:00 a 19:00.<\/p>\n\n\n\n<p>Por eso, desde la dependencia recuerdan que los libros que fueron prestados antes de las vacaciones se recibir\u00e1n hasta el 17 de febrero, ya que es importante\u00a0su devoluci\u00f3n para darle continuidad al servicio de circulaci\u00f3n. <\/p>\n\n\n\n<p>En esta \u00e9poca estival,\u00a0las bibliotecas tambi\u00e9n var\u00edan su ritmo habitual. Los usuarios cambian. Los habituales de siempre se toman unas vacaciones y suelen frecuentar menos, pero son fieles a su lectura y siempre se llevan alg\u00fan libro.<\/p>\n\n\n\n<p>Luego aparecen los usuarios nuevos, esa especie que no la ves durante el a\u00f1o y eligen, durante sus vacaciones ir a la biblioteca; en cuanto descubren que es un lugar donde se est\u00e1 muy bien. Lo bueno es que siempre se llevan algo de inter\u00e9s debajo el brazo. As\u00ed tambi\u00e9n, la madre o padre que est\u00e1 de vacaciones\u00a0y que le gusta leer acompa\u00f1a a sus ni\u00f1os, ya que pueden elegir lo que ellos quieren.<\/p>\n\n\n\n<p><em>&#8220;Comenzamos con muchas ansias y renovadas energ\u00edas para la atenci\u00f3n a los socios lectores&#8221;<\/em>, se\u00f1alaron desde la Biblioteca.<\/p>\n\n\n\n<p>Fuente: Prensa Municipal. <\/p>\n","protected":false},"excerpt":{"rendered":"<p>Los libros que fueron prestados antes de las vacaciones podr\u00e1n devolverse hasta el lunes 17 de febrero. Esta semana, la&hellip;<\/p>\n","protected":false},"author":3,"featured_media":6956,"comment_status":"closed","ping_status":"open","sticky":false,"template":"","format":"standard","meta":{"footnotes":""},"categories":[2],"tags":[66,67,836,117,886,492,499,555,556,572],"class_list":["post-7540","post","type-post","status-publish","format-standard","has-post-thumbnail","hentry","category-cultura-y-espectaculos","tag-arroyito","tag-arroyito-cordoba","tag-arroyito-online","tag-biblioteca","tag-biblioteca-municipal-popular-almafuerte","tag-libros","tag-literatura","tag-municipalidad","tag-municipalidad-de-arroyito","tag-noticias-de-arroyito-y-zona"],"_links":{"self":[{"href":"https:\/\/arroyitoonline.com.ar\/index.php?rest_route=\/wp\/v2\/posts\/7540","targetHints":{"allow":["GET"]}}],"collection":[{"href":"https:\/\/arroyitoonline.com.ar\/index.php?rest_route=\/wp\/v2\/posts"}],"about":[{"href":"https:\/\/arroyitoonline.com.ar\/index.php?rest_route=\/wp\/v2\/types\/post"}],"author":[{"embeddable":true,"href":"https:\/\/arroyitoonline.com.ar\/index.php?rest_route=\/wp\/v2\/users\/3"}],"replies":[{"embeddable":true,"href":"https:\/\/arroyitoonline.com.ar\/index.php?rest_route=%2Fwp%2Fv2%2Fcomments&post=7540"}],"version-history":[{"count":1,"href":"https:\/\/arroyitoonline.com.ar\/index.php?rest_route=\/wp\/v2\/posts\/7540\/revisions"}],"predecessor-version":[{"id":7541,"href":"https:\/\/arroyitoonline.com.ar\/index.php?rest_route=\/wp\/v2\/posts\/7540\/revisions\/7541"}],"wp:featuredmedia":[{"embeddable":true,"href":"https:\/\/arroyitoonline.com.ar\/index.php?rest_route=\/wp\/v2\/media\/6956"}],"wp:attachment":[{"href":"https:\/\/arroyitoonline.com.ar\/index.php?rest_route=%2Fwp%2Fv2%2Fmedia&parent=7540"}],"wp:term":[{"taxonomy":"category","embeddable":true,"href":"https:\/\/arroyitoonline.com.ar\/index.php?rest_route=%2Fwp%2Fv2%2Fcategories&post=7540"},{"taxonomy":"post_tag","embeddable":true,"href":"https:\/\/arroyitoonline.com.ar\/index.php?rest_route=%2Fwp%2Fv2%2Ftags&post=7540"}],"curies":[{"name":"wp","href":"https:\/\/api.w.org\/{rel}","templated":true}]}}