{"id":7542,"date":"2020-02-07T12:59:09","date_gmt":"2020-02-07T12:59:09","guid":{"rendered":"https:\/\/arroyitoonline.com.ar\/?p=7542"},"modified":"2020-02-07T12:59:12","modified_gmt":"2020-02-07T12:59:12","slug":"la-sala-de-estimulacion-temprana-tiene-nuevos-horarios-de-antencion","status":"publish","type":"post","link":"https:\/\/arroyitoonline.com.ar\/?p=7542","title":{"rendered":"La Sala de Estimulaci\u00f3n Temprana tiene nuevos horarios de antenci\u00f3n"},"content":{"rendered":"\n<p><strong>El \u00e1rea funciona en el Hospital Municipal, los d\u00edas mi\u00e9rcoles, por la ma\u00f1ana y por la tarde.<\/strong><\/p>\n\n\n\n<p>La Sala de Estimulaci\u00f3n Temprana del Hospital Municipal Carlos J. Rodr\u00edguez cuenta con nuevos horarios de atenci\u00f3n: los mi\u00e9rcoles por la ma\u00f1ana, desde las 8:00 hasta las 10:00, y por la tarde, de 14:00 a 16:00. <\/p>\n\n\n\n<p>Para la asistencia no es necesario que se saque el turno por ventanilla con anterioridad. Las personas interesadas deben dirigirse al consultorio correspondiente en el Hospital Municipal. Pueden acercarse con derivaci\u00f3n m\u00e9dica, por solicitud de alguna instituci\u00f3n escolar o por iniciativa propia.<\/p>\n\n\n\n<figure class=\"wp-block-image\"><img loading=\"lazy\" decoding=\"async\" width=\"1024\" height=\"1024\" src=\"https:\/\/arroyitoonline.com.ar\/wp-content\/uploads\/2020\/02\/Nuevos_Horarios_Sala_de_Estimulaci\u00f3n_Temprana-1024x1024.jpeg\" alt=\"\" class=\"wp-image-7543\" srcset=\"https:\/\/arroyitoonline.com.ar\/wp-content\/uploads\/2020\/02\/Nuevos_Horarios_Sala_de_Estimulaci\u00f3n_Temprana-1024x1024.jpeg 1024w, https:\/\/arroyitoonline.com.ar\/wp-content\/uploads\/2020\/02\/Nuevos_Horarios_Sala_de_Estimulaci\u00f3n_Temprana-150x150.jpeg 150w, https:\/\/arroyitoonline.com.ar\/wp-content\/uploads\/2020\/02\/Nuevos_Horarios_Sala_de_Estimulaci\u00f3n_Temprana-300x300.jpeg 300w, https:\/\/arroyitoonline.com.ar\/wp-content\/uploads\/2020\/02\/Nuevos_Horarios_Sala_de_Estimulaci\u00f3n_Temprana-768x768.jpeg 768w, https:\/\/arroyitoonline.com.ar\/wp-content\/uploads\/2020\/02\/Nuevos_Horarios_Sala_de_Estimulaci\u00f3n_Temprana.jpeg 1181w\" sizes=\"auto, (max-width: 1024px) 100vw, 1024px\" \/><figcaption><em>Atienden: psic\u00f3loga Lorena Cerutti, psicomotricista Lorena Trucco y fonoaudi\u00f3loga Antonella Caballo<\/em><\/figcaption><\/figure>\n\n\n\n<p>Los profesionales que brindan este servicio son:<br>Psic\u00f3loga Lorena Cerutti<br>Psicomotricista Lorena Trucco<br>Fonoaudi\u00f3loga Antonella Caballo<\/p>\n\n\n\n<p><strong>\u00bfQu\u00e9 es la Estimulaci\u00f3n Temprana?<\/strong><\/p>\n\n\n\n<p>Es el conjunto de intervenciones dirigidas a la poblaci\u00f3n infantil de cero a cinco a\u00f1os, a la familia y al entorno, que tienen por objetivo dar respuesta, lo m\u00e1s pronto posible, a las necesidades transitorias o permanentes que presentan los ni\u00f1os con trastornos en su desarrollo o que tienen el riesgo de padecerlos. La evoluci\u00f3n de los ni\u00f1os con alteraciones en su desarrollo depender\u00e1 en gran medida al momento de inicio de la intervenci\u00f3n.<\/p>\n\n\n\n<p>Fuente: Prensa Municipal. <\/p>\n","protected":false},"excerpt":{"rendered":"<p>El \u00e1rea funciona en el Hospital Municipal, los d\u00edas mi\u00e9rcoles, por la ma\u00f1ana y por la tarde. La Sala de&hellip;<\/p>\n","protected":false},"author":3,"featured_media":7160,"comment_status":"closed","ping_status":"open","sticky":false,"template":"","format":"standard","meta":{"footnotes":""},"categories":[9],"tags":[66,67,836,426,555,556,572,661,706],"class_list":["post-7542","post","type-post","status-publish","format-standard","has-post-thumbnail","hentry","category-infosalud","tag-arroyito","tag-arroyito-cordoba","tag-arroyito-online","tag-hospital","tag-municipalidad","tag-municipalidad-de-arroyito","tag-noticias-de-arroyito-y-zona","tag-psicologia","tag-salud"],"_links":{"self":[{"href":"https:\/\/arroyitoonline.com.ar\/index.php?rest_route=\/wp\/v2\/posts\/7542","targetHints":{"allow":["GET"]}}],"collection":[{"href":"https:\/\/arroyitoonline.com.ar\/index.php?rest_route=\/wp\/v2\/posts"}],"about":[{"href":"https:\/\/arroyitoonline.com.ar\/index.php?rest_route=\/wp\/v2\/types\/post"}],"author":[{"embeddable":true,"href":"https:\/\/arroyitoonline.com.ar\/index.php?rest_route=\/wp\/v2\/users\/3"}],"replies":[{"embeddable":true,"href":"https:\/\/arroyitoonline.com.ar\/index.php?rest_route=%2Fwp%2Fv2%2Fcomments&post=7542"}],"version-history":[{"count":1,"href":"https:\/\/arroyitoonline.com.ar\/index.php?rest_route=\/wp\/v2\/posts\/7542\/revisions"}],"predecessor-version":[{"id":7544,"href":"https:\/\/arroyitoonline.com.ar\/index.php?rest_route=\/wp\/v2\/posts\/7542\/revisions\/7544"}],"wp:featuredmedia":[{"embeddable":true,"href":"https:\/\/arroyitoonline.com.ar\/index.php?rest_route=\/wp\/v2\/media\/7160"}],"wp:attachment":[{"href":"https:\/\/arroyitoonline.com.ar\/index.php?rest_route=%2Fwp%2Fv2%2Fmedia&parent=7542"}],"wp:term":[{"taxonomy":"category","embeddable":true,"href":"https:\/\/arroyitoonline.com.ar\/index.php?rest_route=%2Fwp%2Fv2%2Fcategories&post=7542"},{"taxonomy":"post_tag","embeddable":true,"href":"https:\/\/arroyitoonline.com.ar\/index.php?rest_route=%2Fwp%2Fv2%2Ftags&post=7542"}],"curies":[{"name":"wp","href":"https:\/\/api.w.org\/{rel}","templated":true}]}}