{"id":7545,"date":"2020-02-07T13:12:11","date_gmt":"2020-02-07T13:12:11","guid":{"rendered":"https:\/\/arroyitoonline.com.ar\/?p=7545"},"modified":"2020-02-07T13:13:26","modified_gmt":"2020-02-07T13:13:26","slug":"empadronan-a-las-personas-con-discapacidad-de-arroyito-la-curva-y-el-fuertecito","status":"publish","type":"post","link":"https:\/\/arroyitoonline.com.ar\/?p=7545","title":{"rendered":"Empadronan a las personas con discapacidad de Arroyito, La Curva y El Fuertecito"},"content":{"rendered":"\n<p><strong>El relevamiento se realiza en el Hospital de D\u00eda Edith Casalis, con DNI de la persona con discapacidad y de su grupo familiar y Certificado \u00danico de Discapacidad, en caso de tenerlo.<\/strong><\/p>\n\n\n\n<p>La direcci\u00f3n municipal de Programas Sociales, Adicciones y Discapacidad se encuentra realizando un Empadronamiento de Personas con Discapacidad residentes en Arroyito, El Fuertecito y La Curva.<\/p>\n\n\n\n<figure class=\"wp-block-image\"><img loading=\"lazy\" decoding=\"async\" width=\"1024\" height=\"1024\" src=\"https:\/\/arroyitoonline.com.ar\/wp-content\/uploads\/2020\/02\/Empadronamiento_de_Personas_con_Discapacidad-1024x1024.jpeg\" alt=\"\" class=\"wp-image-7546\" srcset=\"https:\/\/arroyitoonline.com.ar\/wp-content\/uploads\/2020\/02\/Empadronamiento_de_Personas_con_Discapacidad-1024x1024.jpeg 1024w, https:\/\/arroyitoonline.com.ar\/wp-content\/uploads\/2020\/02\/Empadronamiento_de_Personas_con_Discapacidad-150x150.jpeg 150w, https:\/\/arroyitoonline.com.ar\/wp-content\/uploads\/2020\/02\/Empadronamiento_de_Personas_con_Discapacidad-300x300.jpeg 300w, https:\/\/arroyitoonline.com.ar\/wp-content\/uploads\/2020\/02\/Empadronamiento_de_Personas_con_Discapacidad-768x768.jpeg 768w, https:\/\/arroyitoonline.com.ar\/wp-content\/uploads\/2020\/02\/Empadronamiento_de_Personas_con_Discapacidad.jpeg 1181w\" sizes=\"auto, (max-width: 1024px) 100vw, 1024px\" \/><\/figure>\n\n\n\n<p>El relevamiento se desarrolla en el Hospital de D\u00eda Edith Casalis, los lunes, martes, mi\u00e9rcoles y viernes, de 8:00 a 12:00 horas. Quienes quieran registrarse deber\u00e1n acercarse con DNI de la persona con discapacidad; Certificado \u00danico de Discapacidad, en caso de tenerlo; y DNI de los miembros del grupo familiar.<\/p>\n\n\n\n<p>El objetivo de este empadronamiento es que se conozca informaci\u00f3n sobre el n\u00famero de personas con discapacidad y sus circunstancias personales, para el mejoramiento de las acciones orientadas a una ciudad accesible, eliminando todo tipo de barreras incapacitantes y ofreciendo los servicios que promuevan la participaci\u00f3n e inclusi\u00f3n de personas con discapacidad.<\/p>\n\n\n\n<p>Fuente: Prensa Municipal. <\/p>\n","protected":false},"excerpt":{"rendered":"<p>El relevamiento se realiza en el Hospital de D\u00eda Edith Casalis, con DNI de la persona con discapacidad y de&hellip;<\/p>\n","protected":false},"author":3,"featured_media":7547,"comment_status":"closed","ping_status":"open","sticky":false,"template":"","format":"standard","meta":{"footnotes":""},"categories":[9],"tags":[66,67,836,1079,296,426,555,556,572,706],"class_list":["post-7545","post","type-post","status-publish","format-standard","has-post-thumbnail","hentry","category-infosalud","tag-arroyito","tag-arroyito-cordoba","tag-arroyito-online","tag-direccion-de-promocion-comunitaria-y-social","tag-discapacidad","tag-hospital","tag-municipalidad","tag-municipalidad-de-arroyito","tag-noticias-de-arroyito-y-zona","tag-salud"],"_links":{"self":[{"href":"https:\/\/arroyitoonline.com.ar\/index.php?rest_route=\/wp\/v2\/posts\/7545","targetHints":{"allow":["GET"]}}],"collection":[{"href":"https:\/\/arroyitoonline.com.ar\/index.php?rest_route=\/wp\/v2\/posts"}],"about":[{"href":"https:\/\/arroyitoonline.com.ar\/index.php?rest_route=\/wp\/v2\/types\/post"}],"author":[{"embeddable":true,"href":"https:\/\/arroyitoonline.com.ar\/index.php?rest_route=\/wp\/v2\/users\/3"}],"replies":[{"embeddable":true,"href":"https:\/\/arroyitoonline.com.ar\/index.php?rest_route=%2Fwp%2Fv2%2Fcomments&post=7545"}],"version-history":[{"count":2,"href":"https:\/\/arroyitoonline.com.ar\/index.php?rest_route=\/wp\/v2\/posts\/7545\/revisions"}],"predecessor-version":[{"id":7549,"href":"https:\/\/arroyitoonline.com.ar\/index.php?rest_route=\/wp\/v2\/posts\/7545\/revisions\/7549"}],"wp:featuredmedia":[{"embeddable":true,"href":"https:\/\/arroyitoonline.com.ar\/index.php?rest_route=\/wp\/v2\/media\/7547"}],"wp:attachment":[{"href":"https:\/\/arroyitoonline.com.ar\/index.php?rest_route=%2Fwp%2Fv2%2Fmedia&parent=7545"}],"wp:term":[{"taxonomy":"category","embeddable":true,"href":"https:\/\/arroyitoonline.com.ar\/index.php?rest_route=%2Fwp%2Fv2%2Fcategories&post=7545"},{"taxonomy":"post_tag","embeddable":true,"href":"https:\/\/arroyitoonline.com.ar\/index.php?rest_route=%2Fwp%2Fv2%2Ftags&post=7545"}],"curies":[{"name":"wp","href":"https:\/\/api.w.org\/{rel}","templated":true}]}}