{"id":7556,"date":"2020-02-08T17:05:38","date_gmt":"2020-02-08T17:05:38","guid":{"rendered":"https:\/\/arroyitoonline.com.ar\/?p=7556"},"modified":"2020-02-09T03:29:24","modified_gmt":"2020-02-09T03:29:24","slug":"la-policia-recupero-los-elementos-robados-a-espacio-de-equinoterapia-tres-aires","status":"publish","type":"post","link":"https:\/\/arroyitoonline.com.ar\/?p=7556","title":{"rendered":"La Polic\u00eda recuper\u00f3 los elementos robados a Espacio de equinoterapia Tres Aires"},"content":{"rendered":"\n<p><strong>Los estribos, caronas, mantas y monturas estaban en bolsas de consorcio negras, a la vera del R\u00edo Xanaes.<\/strong><\/p>\n\n\n\n<p>Ayer viernes 7 de febrero, desde <a href=\"https:\/\/www.facebook.com\/tresairesarroyito\/\">Espacio Tres Aires<\/a> denunciaron el robo de diversos elementos de trabajo utilizados para equinoterapia, equitaci\u00f3n b\u00e1sica, clases de huerta agroecol\u00f3gica, escuelita de verano y cursos de capacitaci\u00f3n en tem\u00e1tica equina, entre otras actividades, que se realizan en el predio de Fern\u00e1ndez Ya\u00f1ez 1500.<\/p>\n\n\n\n<figure><iframe loading=\"lazy\" src=\"https:\/\/www.facebook.com\/plugins\/post.php?href=https%3A%2F%2Fwww.facebook.com%2Ftresairesarroyito%2Fposts%2F2600683463512016&amp;width=500\" width=\"500\" height=\"738\"><\/iframe><\/figure>\n\n\n\n<p>Esta madrugada, a las 2:00 horas, tras averiguaciones practicadas por la Comisar\u00eda Arroyito, personal de guardia hall\u00f3 a la vera de R\u00edo Xanaes, en direcci\u00f3n a la intersecci\u00f3n de las avenidas Per\u00f3n (Costanera) e Illia, cuatro bultos en bolsas negras de consorcio.<\/p>\n\n\n\n<figure class=\"wp-block-image\"><img loading=\"lazy\" decoding=\"async\" width=\"640\" height=\"480\" src=\"https:\/\/arroyitoonline.com.ar\/wp-content\/uploads\/2020\/02\/robo-espacio-tres-aires-2.jpg\" alt=\"\" class=\"wp-image-7559\" srcset=\"https:\/\/arroyitoonline.com.ar\/wp-content\/uploads\/2020\/02\/robo-espacio-tres-aires-2.jpg 640w, https:\/\/arroyitoonline.com.ar\/wp-content\/uploads\/2020\/02\/robo-espacio-tres-aires-2-300x225.jpg 300w\" sizes=\"auto, (max-width: 640px) 100vw, 640px\" \/><figcaption><em>Las bolsas de consorcio negras, donde la Polic\u00eda hall\u00f3 los elementos sustra\u00eddos.<\/em><\/figcaption><\/figure>\n\n\n\n<p>En su interior, estos conten\u00edan\ntres monturas de caballos cubiertas con cuero de oveja blanco, con cincha de\nlona del mismo color y estribos de cuero cerrados; dos caronas de lana rojas;\ndos cubre caronas de lona blancas y dos mantas combinadas, una rosa con blanco\ny otra negra con blanco y dise\u00f1os de guarda pampa.<\/p>\n\n\n\n<p>Los elementos encontrados por la Polic\u00eda eran los que hab\u00edan sido robados de Espacio Tres Aires y fueron recuperados en su totalidad. Se labraron actuaciones sumariales. <\/p>\n\n\n\n<p><strong>Allanamiento positivo<\/strong><\/p>\n\n\n\n<p>Esta tarde a las 16:00 horas, personal de Investigaciones allan\u00f3 una vivienda ubicada sobre calle S\u00e1nchez de Bustamante, donde secuestr\u00f3 una moto guada\u00f1a marca Gamma color naranja, la cual tambi\u00e9n hab\u00eda sido robada a Espacio Tres Aires.<\/p>\n\n\n\n<div class=\"wp-block-image\"><figure class=\"aligncenter\"><img loading=\"lazy\" decoding=\"async\" width=\"365\" height=\"650\" src=\"https:\/\/arroyitoonline.com.ar\/wp-content\/uploads\/2020\/02\/robo-espacio-tres-aires-3.jpg\" alt=\"\" class=\"wp-image-7565\" srcset=\"https:\/\/arroyitoonline.com.ar\/wp-content\/uploads\/2020\/02\/robo-espacio-tres-aires-3.jpg 365w, https:\/\/arroyitoonline.com.ar\/wp-content\/uploads\/2020\/02\/robo-espacio-tres-aires-3-168x300.jpg 168w\" sizes=\"auto, (max-width: 365px) 100vw, 365px\" \/><figcaption><em>La moto guada\u00f1a de Espacio Tres Aires recuperada por personal de Investigaciones de la Polic\u00eda local. <\/em><\/figcaption><\/figure><\/div>\n\n\n\n<p>En el domicilio donde fue hallada la herramienta reside un joven de 20 a\u00f1os, que fue imputado por el delito de hurto. <\/p>\n\n\n\n<p>Fuente: informe del comisario\nInspector Pablo Berardo, jefe de Zona de Inspecci\u00f3n N\u00b0 4.<\/p>\n","protected":false},"excerpt":{"rendered":"<p>Los estribos, caronas, mantas y monturas estaban en bolsas de consorcio negras, a la vera del R\u00edo Xanaes. Ayer viernes&hellip;<\/p>\n","protected":false},"author":3,"featured_media":7557,"comment_status":"closed","ping_status":"open","sticky":false,"template":"","format":"standard","meta":{"footnotes":""},"categories":[824],"tags":[66,67,836,572,635,637,638,825,693,694],"class_list":["post-7556","post","type-post","status-publish","format-standard","has-post-thumbnail","hentry","category-policiales-online","tag-arroyito","tag-arroyito-cordoba","tag-arroyito-online","tag-noticias-de-arroyito-y-zona","tag-policia","tag-policiales","tag-policiales-arroyito","tag-policiales-online","tag-robo","tag-robos"],"_links":{"self":[{"href":"https:\/\/arroyitoonline.com.ar\/index.php?rest_route=\/wp\/v2\/posts\/7556","targetHints":{"allow":["GET"]}}],"collection":[{"href":"https:\/\/arroyitoonline.com.ar\/index.php?rest_route=\/wp\/v2\/posts"}],"about":[{"href":"https:\/\/arroyitoonline.com.ar\/index.php?rest_route=\/wp\/v2\/types\/post"}],"author":[{"embeddable":true,"href":"https:\/\/arroyitoonline.com.ar\/index.php?rest_route=\/wp\/v2\/users\/3"}],"replies":[{"embeddable":true,"href":"https:\/\/arroyitoonline.com.ar\/index.php?rest_route=%2Fwp%2Fv2%2Fcomments&post=7556"}],"version-history":[{"count":5,"href":"https:\/\/arroyitoonline.com.ar\/index.php?rest_route=\/wp\/v2\/posts\/7556\/revisions"}],"predecessor-version":[{"id":7567,"href":"https:\/\/arroyitoonline.com.ar\/index.php?rest_route=\/wp\/v2\/posts\/7556\/revisions\/7567"}],"wp:featuredmedia":[{"embeddable":true,"href":"https:\/\/arroyitoonline.com.ar\/index.php?rest_route=\/wp\/v2\/media\/7557"}],"wp:attachment":[{"href":"https:\/\/arroyitoonline.com.ar\/index.php?rest_route=%2Fwp%2Fv2%2Fmedia&parent=7556"}],"wp:term":[{"taxonomy":"category","embeddable":true,"href":"https:\/\/arroyitoonline.com.ar\/index.php?rest_route=%2Fwp%2Fv2%2Fcategories&post=7556"},{"taxonomy":"post_tag","embeddable":true,"href":"https:\/\/arroyitoonline.com.ar\/index.php?rest_route=%2Fwp%2Fv2%2Ftags&post=7556"}],"curies":[{"name":"wp","href":"https:\/\/api.w.org\/{rel}","templated":true}]}}