{"id":7568,"date":"2020-02-09T20:47:36","date_gmt":"2020-02-09T20:47:36","guid":{"rendered":"https:\/\/arroyitoonline.com.ar\/?p=7568"},"modified":"2020-02-09T20:48:58","modified_gmt":"2020-02-09T20:48:58","slug":"ruta-19-choque-frontal-entre-un-auto-y-una-moto-dejo-como-saldo-la-muerte-de-dos-jovenes","status":"publish","type":"post","link":"https:\/\/arroyitoonline.com.ar\/?p=7568","title":{"rendered":"Ruta 19: choque frontal entre un auto y una moto dej\u00f3 como saldo la muerte de dos j\u00f3venes"},"content":{"rendered":"\n<p><strong>El siniestro vial fatal ocurri\u00f3 cuatro kil\u00f3metros al oeste de la localidad de La Francia. Fallecieron el conductor  (24) de la moto y su acompa\u00f1ante (19<\/strong>). <\/p>\n\n\n\n<p>Hoy a las 5:30 de la madrugada, se produjo un siniestro vial fatal, sobre ruta nacional 19, cuatro kil\u00f3metros al oeste de la localidad de La Francia.<\/p>\n\n\n\n<p>Una mujer (64) conduc\u00eda su Ford Fiesta de color azul, acompa\u00f1ada de otras se\u00f1oras (de 57, 66 y 61 a\u00f1os) y un hombre (62), todos de Saturnino Mar\u00eda Laspiur, en sentido de oeste a este.<\/p>\n\n\n\n<figure class=\"wp-block-image\"><img loading=\"lazy\" decoding=\"async\" width=\"960\" height=\"540\" src=\"https:\/\/arroyitoonline.com.ar\/wp-content\/uploads\/2020\/02\/accidente-auto-ruta-19-muertos.jpg\" alt=\"\" class=\"wp-image-7571\" srcset=\"https:\/\/arroyitoonline.com.ar\/wp-content\/uploads\/2020\/02\/accidente-auto-ruta-19-muertos.jpg 960w, https:\/\/arroyitoonline.com.ar\/wp-content\/uploads\/2020\/02\/accidente-auto-ruta-19-muertos-300x169.jpg 300w, https:\/\/arroyitoonline.com.ar\/wp-content\/uploads\/2020\/02\/accidente-auto-ruta-19-muertos-768x432.jpg 768w\" sizes=\"auto, (max-width: 960px) 100vw, 960px\" \/><figcaption><em>As\u00ed qued\u00f3 el Ford Fiesta, como consecuencia del choque frontal. Foto: Gabriel Ghione, para Canal 4 La Francia.<\/em><\/figcaption><\/figure>\n\n\n\n<p>Por razones que tratan de establecerse, el auto colision\u00f3 de manera frontal con una moto Brava 110 cc negra sin dominio, que andaba de este a oeste. Los ocupantes del rodado menor, dos j\u00f3venes de 24 (conductor) y 19 a\u00f1os (acompa\u00f1ante), ambos de Villa Concepci\u00f3n, cayeron sobre la carpeta asf\u00e1ltica y perdieron la vida al instante.<\/p>\n\n\n\n<p>Por su\nparte, las personas que ven\u00edan en el veh\u00edculo de mayor porte fueron trasladadas\nal nosocomio local, donde les diagnosticaron lesiones leves. <\/p>\n\n\n\n<p>Tom\u00f3 participaci\u00f3n la Fiscal\u00eda de Instrucci\u00f3n de Delitos Complejos de la ciudad de San Francisco a cargo del Dr. Gaido, quien imparti\u00f3 directivas al respecto.<\/p>\n\n\n\n<p><strong>El mensaje del intendente de Villa Concepci\u00f3n<\/strong><\/p>\n\n\n\n<p>Luego de conocerse la lamentable noticia del deceso de ambos j\u00f3venes, el intendente de Villa Concepci\u00f3n, David Mercado, utiliz\u00f3 su cuenta de la red social Facebook, para enviarles <em>&#8220;nuestras condolencias a las familias Daniele y Maldonado, por los fallecimientos de Mario y Antonio&#8221;<\/em>.<\/p>\n\n\n\n<figure><iframe loading=\"lazy\" src=\"https:\/\/www.facebook.com\/plugins\/post.php?href=https%3A%2F%2Fwww.facebook.com%2Fdavid.mercado.3557%2Fposts%2F2881834378573342&amp;width=500\" width=\"500\" height=\"669\"><\/iframe><\/figure>\n\n\n\n<p>Fuente:\ninforme del comisario Inspector Pablo Berardo, jefe de Zona de Inspecci\u00f3n N\u00b0 4.<\/p>\n\n\n\n<p>Fotos:\nCanal 4 La Francia \u2013 Gabriel Ghione.<\/p>\n","protected":false},"excerpt":{"rendered":"<p>El siniestro vial fatal ocurri\u00f3 cuatro kil\u00f3metros al oeste de la localidad de La Francia. Fallecieron el conductor (24) de&hellip;<\/p>\n","protected":false},"author":3,"featured_media":7569,"comment_status":"closed","ping_status":"open","sticky":false,"template":"","format":"standard","meta":{"footnotes":""},"categories":[824],"tags":[66,67,836,191,572,635,637,638,825],"class_list":["post-7568","post","type-post","status-publish","format-standard","has-post-thumbnail","hentry","category-policiales-online","tag-arroyito","tag-arroyito-cordoba","tag-arroyito-online","tag-choque","tag-noticias-de-arroyito-y-zona","tag-policia","tag-policiales","tag-policiales-arroyito","tag-policiales-online"],"_links":{"self":[{"href":"https:\/\/arroyitoonline.com.ar\/index.php?rest_route=\/wp\/v2\/posts\/7568","targetHints":{"allow":["GET"]}}],"collection":[{"href":"https:\/\/arroyitoonline.com.ar\/index.php?rest_route=\/wp\/v2\/posts"}],"about":[{"href":"https:\/\/arroyitoonline.com.ar\/index.php?rest_route=\/wp\/v2\/types\/post"}],"author":[{"embeddable":true,"href":"https:\/\/arroyitoonline.com.ar\/index.php?rest_route=\/wp\/v2\/users\/3"}],"replies":[{"embeddable":true,"href":"https:\/\/arroyitoonline.com.ar\/index.php?rest_route=%2Fwp%2Fv2%2Fcomments&post=7568"}],"version-history":[{"count":2,"href":"https:\/\/arroyitoonline.com.ar\/index.php?rest_route=\/wp\/v2\/posts\/7568\/revisions"}],"predecessor-version":[{"id":7572,"href":"https:\/\/arroyitoonline.com.ar\/index.php?rest_route=\/wp\/v2\/posts\/7568\/revisions\/7572"}],"wp:featuredmedia":[{"embeddable":true,"href":"https:\/\/arroyitoonline.com.ar\/index.php?rest_route=\/wp\/v2\/media\/7569"}],"wp:attachment":[{"href":"https:\/\/arroyitoonline.com.ar\/index.php?rest_route=%2Fwp%2Fv2%2Fmedia&parent=7568"}],"wp:term":[{"taxonomy":"category","embeddable":true,"href":"https:\/\/arroyitoonline.com.ar\/index.php?rest_route=%2Fwp%2Fv2%2Fcategories&post=7568"},{"taxonomy":"post_tag","embeddable":true,"href":"https:\/\/arroyitoonline.com.ar\/index.php?rest_route=%2Fwp%2Fv2%2Ftags&post=7568"}],"curies":[{"name":"wp","href":"https:\/\/api.w.org\/{rel}","templated":true}]}}