{"id":7587,"date":"2020-02-11T13:03:24","date_gmt":"2020-02-11T13:03:24","guid":{"rendered":"https:\/\/arroyitoonline.com.ar\/?p=7587"},"modified":"2020-02-11T13:03:30","modified_gmt":"2020-02-11T13:03:30","slug":"llega-la-primera-edicion-del-cine-movil-con-la-proyeccion-de-metegol","status":"publish","type":"post","link":"https:\/\/arroyitoonline.com.ar\/?p=7587","title":{"rendered":"Llega la primera edici\u00f3n del Cine M\u00f3vil, con la proyecci\u00f3n de Metegol"},"content":{"rendered":"\n<p><strong>La Agencia C\u00f3rdoba Cultura, en conjunto con la secretar\u00eda municipal de Educaci\u00f3n y Cultura, proponen este evento gratuito, para todos los ni\u00f1os\u00a0de\u00a0la\u00a0ciudad.<\/strong><\/p>\n\n\n\n<p>Este jueves 13 de febrero a las 18:00 horas, en el Teatrillo Municipal Jos\u00e9 F. Guarch, se realizar\u00e1 la primera edici\u00f3n del Cine M\u00f3vil de Arroyito, a cargo de la secretar\u00eda municipal de Educaci\u00f3n y Cultura. <\/p>\n\n\n\n<p>Esta propuesta es una iniciativa de Agencia C\u00f3rdoba Cultura del Gobierno de la Provincia de C\u00f3rdoba, que tiene como finalidad la promoci\u00f3n del cine de manera gratuita, entendi\u00e9ndolo como instrumento para la difusi\u00f3n de la diversidad y el fortalecimiento de la identidad, tanto local y nacional.<\/p>\n\n\n\n<figure class=\"wp-block-image\"><img loading=\"lazy\" decoding=\"async\" width=\"1024\" height=\"1024\" src=\"https:\/\/arroyitoonline.com.ar\/wp-content\/uploads\/2020\/02\/cinemovil-1024x1024.jpeg\" alt=\"\" class=\"wp-image-7589\" srcset=\"https:\/\/arroyitoonline.com.ar\/wp-content\/uploads\/2020\/02\/cinemovil-1024x1024.jpeg 1024w, https:\/\/arroyitoonline.com.ar\/wp-content\/uploads\/2020\/02\/cinemovil-150x150.jpeg 150w, https:\/\/arroyitoonline.com.ar\/wp-content\/uploads\/2020\/02\/cinemovil-300x300.jpeg 300w, https:\/\/arroyitoonline.com.ar\/wp-content\/uploads\/2020\/02\/cinemovil-768x768.jpeg 768w, https:\/\/arroyitoonline.com.ar\/wp-content\/uploads\/2020\/02\/cinemovil.jpeg 1181w\" sizes=\"auto, (max-width: 1024px) 100vw, 1024px\" \/><figcaption><em>La invitaci\u00f3n especial para el Cine M\u00f3vil, con la proyecci\u00f3n gratuita de Metegol<\/em><\/figcaption><\/figure>\n\n\n\n<p>En esta oportunidad se proyectar\u00e1 la pel\u00edcula nacional animada Metegol (2013), dirigida por Juan Jos\u00e9 Campanella. Adem\u00e1s, el film est\u00e1 inspirado en el cuento\u00a0<em>Memorias de un wing derecho<\/em>, del escritor argentino\u00a0Roberto Fontanarrosa y adaptada por Eduardo Sacheri (en cuyos libros se basaron pel\u00edculas multipremiadas como El secreto de sus ojos y La odisea de los giles).<\/p>\n\n\n\n<p>El evento es gratuito y dirigido a todos los ni\u00f1os de nuestra ciudad.<\/p>\n\n\n\n<p>Fuente: Comunicaci\u00f3n y Protocolo.<\/p>\n","protected":false},"excerpt":{"rendered":"<p>La Agencia C\u00f3rdoba Cultura, en conjunto con la secretar\u00eda municipal de Educaci\u00f3n y Cultura, proponen este evento gratuito, para todos&hellip;<\/p>\n","protected":false},"author":3,"featured_media":7588,"comment_status":"closed","ping_status":"open","sticky":false,"template":"","format":"standard","meta":{"footnotes":""},"categories":[826],"tags":[66,67,836,195,351,862,404,405,555,556,572],"class_list":["post-7587","post","type-post","status-publish","format-standard","has-post-thumbnail","hentry","category-espectaculos-online","tag-arroyito","tag-arroyito-cordoba","tag-arroyito-online","tag-cine","tag-espectaculos","tag-espectaculos-online","tag-gobierno-de-cordoba","tag-gobierno-de-la-provincia","tag-municipalidad","tag-municipalidad-de-arroyito","tag-noticias-de-arroyito-y-zona"],"_links":{"self":[{"href":"https:\/\/arroyitoonline.com.ar\/index.php?rest_route=\/wp\/v2\/posts\/7587","targetHints":{"allow":["GET"]}}],"collection":[{"href":"https:\/\/arroyitoonline.com.ar\/index.php?rest_route=\/wp\/v2\/posts"}],"about":[{"href":"https:\/\/arroyitoonline.com.ar\/index.php?rest_route=\/wp\/v2\/types\/post"}],"author":[{"embeddable":true,"href":"https:\/\/arroyitoonline.com.ar\/index.php?rest_route=\/wp\/v2\/users\/3"}],"replies":[{"embeddable":true,"href":"https:\/\/arroyitoonline.com.ar\/index.php?rest_route=%2Fwp%2Fv2%2Fcomments&post=7587"}],"version-history":[{"count":1,"href":"https:\/\/arroyitoonline.com.ar\/index.php?rest_route=\/wp\/v2\/posts\/7587\/revisions"}],"predecessor-version":[{"id":7590,"href":"https:\/\/arroyitoonline.com.ar\/index.php?rest_route=\/wp\/v2\/posts\/7587\/revisions\/7590"}],"wp:featuredmedia":[{"embeddable":true,"href":"https:\/\/arroyitoonline.com.ar\/index.php?rest_route=\/wp\/v2\/media\/7588"}],"wp:attachment":[{"href":"https:\/\/arroyitoonline.com.ar\/index.php?rest_route=%2Fwp%2Fv2%2Fmedia&parent=7587"}],"wp:term":[{"taxonomy":"category","embeddable":true,"href":"https:\/\/arroyitoonline.com.ar\/index.php?rest_route=%2Fwp%2Fv2%2Fcategories&post=7587"},{"taxonomy":"post_tag","embeddable":true,"href":"https:\/\/arroyitoonline.com.ar\/index.php?rest_route=%2Fwp%2Fv2%2Ftags&post=7587"}],"curies":[{"name":"wp","href":"https:\/\/api.w.org\/{rel}","templated":true}]}}