{"id":7614,"date":"2020-02-11T12:10:04","date_gmt":"2020-02-11T12:10:04","guid":{"rendered":"https:\/\/arroyitoonline.com.ar\/?p=7614"},"modified":"2020-02-17T13:03:17","modified_gmt":"2020-02-17T13:03:17","slug":"las-familias-disfrutaron-del-primer-aire-arte","status":"publish","type":"post","link":"https:\/\/arroyitoonline.com.ar\/?p=7614","title":{"rendered":"Las familias disfrutaron del primer Aire Arte"},"content":{"rendered":"\n<p><strong>El evento se concret\u00f3 en la Plaza Severino Gudi\u00f1o, con propuestas art\u00edsticas de danza y m\u00fasica. <\/strong><\/p>\n\n\n\n<p>El pasado domingo 9 de febrero se realiz\u00f3 la primera edici\u00f3n de Aire Arte, una propuesta cultural organizada por la secretar\u00eda de Educaci\u00f3n y Cultura del Gobierno Municipal de la Ciudad de Arroyito.<\/p>\n\n\n\n<p>Al evento, realizado en la Plaza Severino Gudi\u00f1o, concurrieron familias, que disfrutaron de lo ocurrido en el escenario, con las propuestas musicales encabezadas por Facundo Quiroga y Juventud Cuartetera.<\/p>\n\n\n\n<p>Complementando la c\u00e1lida jornada hubo manifestaciones de diversas ramas del arte: el Ballet del Centro Vecinal Xanaes present\u00f3 un repertorio de danzas folcl\u00f3ricas y tambi\u00e9n una intervenci\u00f3n del grupo de Narradoras Orales de Cuentos Infantiles.<\/p>\n\n\n\n<p>Recordamos que estos eventos tienen como objetivo la creaci\u00f3n de espacios de difusi\u00f3n y promoci\u00f3n de la cultura local, adem\u00e1s del acceso gratuito para todos los vecinos.<\/p>\n\n\n\n<p>Fuente: Comunicaci\u00f3n y Protocolo.<\/p>\n","protected":false},"excerpt":{"rendered":"<p>El evento se concret\u00f3 en la Plaza Severino Gudi\u00f1o, con propuestas art\u00edsticas de danza y m\u00fasica. El pasado domingo 9&hellip;<\/p>\n","protected":false},"author":3,"featured_media":7615,"comment_status":"closed","ping_status":"open","sticky":false,"template":"","format":"standard","meta":{"footnotes":""},"categories":[2],"tags":[66,67,836,70,180,259,864,267,556,559,572],"class_list":["post-7614","post","type-post","status-publish","format-standard","has-post-thumbnail","hentry","category-cultura-y-espectaculos","tag-arroyito","tag-arroyito-cordoba","tag-arroyito-online","tag-arte","tag-centro-vecinal-xanaes","tag-cultura","tag-cultura-y-espectaculos-online","tag-danza","tag-municipalidad-de-arroyito","tag-musica","tag-noticias-de-arroyito-y-zona"],"_links":{"self":[{"href":"https:\/\/arroyitoonline.com.ar\/index.php?rest_route=\/wp\/v2\/posts\/7614","targetHints":{"allow":["GET"]}}],"collection":[{"href":"https:\/\/arroyitoonline.com.ar\/index.php?rest_route=\/wp\/v2\/posts"}],"about":[{"href":"https:\/\/arroyitoonline.com.ar\/index.php?rest_route=\/wp\/v2\/types\/post"}],"author":[{"embeddable":true,"href":"https:\/\/arroyitoonline.com.ar\/index.php?rest_route=\/wp\/v2\/users\/3"}],"replies":[{"embeddable":true,"href":"https:\/\/arroyitoonline.com.ar\/index.php?rest_route=%2Fwp%2Fv2%2Fcomments&post=7614"}],"version-history":[{"count":1,"href":"https:\/\/arroyitoonline.com.ar\/index.php?rest_route=\/wp\/v2\/posts\/7614\/revisions"}],"predecessor-version":[{"id":7616,"href":"https:\/\/arroyitoonline.com.ar\/index.php?rest_route=\/wp\/v2\/posts\/7614\/revisions\/7616"}],"wp:featuredmedia":[{"embeddable":true,"href":"https:\/\/arroyitoonline.com.ar\/index.php?rest_route=\/wp\/v2\/media\/7615"}],"wp:attachment":[{"href":"https:\/\/arroyitoonline.com.ar\/index.php?rest_route=%2Fwp%2Fv2%2Fmedia&parent=7614"}],"wp:term":[{"taxonomy":"category","embeddable":true,"href":"https:\/\/arroyitoonline.com.ar\/index.php?rest_route=%2Fwp%2Fv2%2Fcategories&post=7614"},{"taxonomy":"post_tag","embeddable":true,"href":"https:\/\/arroyitoonline.com.ar\/index.php?rest_route=%2Fwp%2Fv2%2Ftags&post=7614"}],"curies":[{"name":"wp","href":"https:\/\/api.w.org\/{rel}","templated":true}]}}